{"id":1754,"date":"2026-04-10T20:21:14","date_gmt":"2026-04-10T18:21:14","guid":{"rendered":"https:\/\/www.fore.fr\/apprentissage\/?p=1754"},"modified":"2026-04-10T20:21:15","modified_gmt":"2026-04-10T18:21:15","slug":"tp-secretaire-assistant-e-medico-administratif-ve","status":"publish","type":"post","link":"https:\/\/www.fore.fr\/apprentissage\/tp-secretaire-assistant-e-medico-administratif-ve\/","title":{"rendered":"SECR\u00c9TAIRE ASSISTANT.E M\u00c9DICO ADMINISTRATIF.VE"},"content":{"rendered":"\n<h4 class=\"wp-block-heading has-text-align-center has-white-color has-black-background-color has-text-color has-background\" id=\"programme-1\"><br><strong>DETAILS<\/strong><\/h4>\n\n\n\n<div class=\"wp-block-columns is-layout-flex wp-container-core-columns-is-layout-1 wp-block-columns-is-layout-flex\">\n<div class=\"wp-block-column is-vertically-aligned-top is-layout-flow wp-block-column-is-layout-flow\">\n<p class=\"has-white-color has-text-color has-background\" style=\"background-color:#e4032c\"><strong>500H<\/strong><br><strong>SUR 1 AN<\/strong><br><strong>2 jours\/Semaine<\/strong><\/p>\n\n\n\n<p class=\"has-small-font-size\"><strong>CERTIFICATION<\/strong><br>Dipl\u00f4me de niveau 4 (NA) intitul\u00e9 \u00ab\u00a0SECR\u00c9TAIRE ASSISTANT.E M\u00c9DICO-ADMINISTRATIF.VE\u00a0\u00bb,, enregistr\u00e9 au RNCP le 19\/06\/2025&nbsp; et d\u00e9livr\u00e9 par le Minist\u00e8re du Travail, de l\u2019emploi et de l\u2019insertion<br>Code RNCP : 40800<br>Code Dipl\u00f4me : 46T32401<br>Code NSF : 324<\/p>\n\n\n\n<figure class=\"wp-block-table has-small-font-size\"><table class=\"has-vivid-red-color has-text-color\"><tbody><tr><td><strong>Lien France Comp\u00e9tences : <a href=\"https:\/\/www.francecompetences.fr\/recherche\/rncp\/40800\/\" target=\"_blank\" rel=\"noreferrer noopener\">https:\/\/www.francecompetences.fr\/<br>recherche\/rncp\/40800\/<\/a><\/strong><\/td><\/tr><\/tbody><\/table><\/figure>\n<\/div>\n\n\n\n<div class=\"wp-block-column is-vertically-aligned-center is-layout-flow wp-block-column-is-layout-flow\">\n<p><strong>CONTACTS<\/strong><br><strong>Christine GUENIOT <\/strong><br>0690 48 26 50<br>0590 38 71 36<strong> <\/strong><br><a href=\"mailto:christine.gueniot@fore.fr\">christine.gueniot@fore.fr<\/a> <br><strong>Delphine PIERQUIN<\/strong><br>0690 05 76 95<br>0590 38 22 78<br><a href=\"mailto:delphine.pierquin@fore.fr\">delphine.pierquin@fore.fr<\/a><\/p>\n<\/div>\n<\/div>\n\n\n\n<hr class=\"wp-block-separator has-css-opacity\"\/>\n\n\n\n<div data-wp-interactive=\"core\/file\" class=\"wp-block-file\"><object data-wp-bind--hidden=\"!state.hasPdfPreview\"  class=\"wp-block-file__embed\" data=\"https:\/\/www.fore.fr\/apprentissage\/wp-content\/uploads\/2025\/07\/A4-TP-SECRETAIRE-ASSISTANT.E-MEDICO-ADMINISTRATIF.VE_.pdf\" type=\"application\/pdf\" style=\"width:100%;height:600px\" aria-label=\"Contenu embarqu\u00e9 A4-TP-SECRETAIRE-ASSISTANT.E-MEDICO-ADMINISTRATIF.VE.\"><\/object><a id=\"wp-block-file--media-cb1723a3-bcdc-4dac-b345-f7d3b73bac0b\" href=\"https:\/\/www.fore.fr\/apprentissage\/wp-content\/uploads\/2025\/07\/A4-TP-SECRETAIRE-ASSISTANT.E-MEDICO-ADMINISTRATIF.VE_.pdf\" target=\"_blank\" rel=\"noreferrer noopener\">A4-TP-SECRETAIRE-ASSISTANT.E-MEDICO-ADMINISTRATIF.VE<\/a><a href=\"https:\/\/www.fore.fr\/apprentissage\/wp-content\/uploads\/2025\/07\/A4-TP-SECRETAIRE-ASSISTANT.E-MEDICO-ADMINISTRATIF.VE_.pdf\" class=\"wp-block-file__button wp-element-button\" download aria-describedby=\"wp-block-file--media-cb1723a3-bcdc-4dac-b345-f7d3b73bac0b\">T\u00e9l\u00e9charger<\/a><\/div>\n\n\n\n<p class=\"has-black-color has-text-color\"><strong><span style=\"color: &quot;red;\">PR\u00c9REQUIS<\/span><\/strong><br>Le TP SECR\u00c9TAIRE ASSISTANT.E M\u00c9DICO-ADMINISTRATIF.VE est accessible \u00e0 toutes les personnes justifiant d\u2019un dipl\u00f4me de niveau 3 (CAP\/BEP).<\/p>\n\n\n\n<p><strong>M\u00c9THODES P\u00c9DAGOGIQUES :<\/strong><br>M\u00e9thodes Actives et Participative : Apports op\u00e9rationnels par des sp\u00e9cialistes du secteur.<br>Mise en situation. Travaux dirig\u00e9s. Etudes de cas. Pr\u00e9sentiel \/ Distanciel.<\/p>\n\n\n\n<p><strong>MOYENS P\u00c9DAGOGIQUES :<\/strong> <br>Salles informatiques connect\u00e9es \u00e0 Internet (fibre optique). Documentations sur plateforme informatique. TEAMS. Vid\u00e9o projecteur. Mat\u00e9riel en salle de formation.<\/p>\n\n\n\n<p><strong>SUIVI ET \u00c9VALUATIONS : <\/strong><br>Contr\u00f4les continus et \u00e9tudes de cas pratiques sont r\u00e9alis\u00e9es. Le contenu est \u00e9labor\u00e9 \u00e0 partir du r\u00e9f\u00e9rentiel du dipl\u00f4me consultable sur le RNCP. Une progression p\u00e9dagogique est remise par chaque formateur. Un classeur p\u00e9dagogique permet de suivre le d\u00e9roulement de la formation en conformit\u00e9 avec le r\u00e9f\u00e9rentiel. TEAMS permet de t\u00e9l\u00e9charger les cours et de recevoir toutes les informations inh\u00e9rentes \u00e0 la formation.<\/p>\n\n\n\n<h4 class=\"wp-block-heading has-text-align-center has-white-color has-text-color has-background\" id=\"programme-1\" style=\"background-color:#e4032c\"><strong>PROGRAMME<\/strong><\/h4>\n\n\n\n<div class=\"wp-block-columns is-layout-flex wp-container-core-columns-is-layout-2 wp-block-columns-is-layout-flex\">\n<div class=\"wp-block-column is-layout-flow wp-block-column-is-layout-flow\">\n<p class=\"has-small-font-size\"><strong>ASSURER&nbsp; L&rsquo;ACCUEIL&nbsp; DU&nbsp; PATIENT&nbsp; ET&nbsp; LES&nbsp; ACTIVIT\u00c9S&nbsp; ADMINISTRATIVES<\/strong> <strong>COURANTES D&rsquo;UNE STRUCTURE M\u00c9DICALE<\/strong><br><strong>Accueillir, renseigner et orienter un patient<\/strong><\/p>\n\n\n\n<ul class=\"wp-block-list\">\n<li>Techniques d\u2019accueil et de communication (verbale, non verbale, \u00e9coute active)<\/li>\n\n\n\n<li>Prise en charge des patients en situation particuli\u00e8re (urgence, handicap, diversit\u00e9 culturelle)<\/li>\n\n\n\n<li>Gestion de l\u2019information confidentielle (RGPD, secret m\u00e9dical)<\/li>\n\n\n\n<li>Orientation vers le professionnel ou service appropri\u00e9<\/li>\n<\/ul>\n\n\n\n<p><strong>G\u00e9rer les plannings et les agendas des professionnels de sant\u00e9<\/strong><\/p>\n\n\n\n<ul class=\"wp-block-list\">\n<li>Organisation d\u2019agendas papier et num\u00e9riques<\/li>\n\n\n\n<li>Coordination des rendez-vous et gestion des priorit\u00e9s<\/li>\n\n\n\n<li>Suivi des rendez-vous et relances patients<\/li>\n<\/ul>\n\n\n\n<p><strong>R\u00e9aliser la prise en charge administrative et financi\u00e8re du patient<\/strong><\/p>\n\n\n\n<ul class=\"wp-block-list\">\n<li>Enregistrement et mise \u00e0 jour des dossiers patients<\/li>\n\n\n\n<li>Gestion des admissions et inscriptions<\/li>\n\n\n\n<li>Facturation, mutuelles, tiers payant, remboursements<\/li>\n<\/ul>\n\n\n\n<p>Pr\u00e9paration des documents administratifs pour consultations ou hospitalisation <strong>Transmettre par \u00e9crit des informations administratives et m\u00e9dicales \u00e0 l&rsquo;interne et \u00e0 l&rsquo;externe<\/strong><\/p>\n\n\n\n<p class=\"has-small-font-size\">Respect des r\u00e8gles de confidentialit\u00e9 et des circuits internes<\/p>\n\n\n\n<p>R\u00e9daction de mails, courriers et comptes rendus simples<\/p>\n\n\n\n<p>Utilisation de logiciels de gestion de dossiers m\u00e9dicaux pour transmission s\u00e9curis\u00e9e<\/p>\n\n\n\n<p class=\"has-small-font-size\"><strong>ASSISTER LES PROFESSIONNELS DE SANT\u00c9 D&rsquo;UNE STRUCTURE M\u00c9DICALE DANS LE<\/strong><\/p>\n\n\n\n<p><strong>SUIVI ET LA COORDINATION DU PARCOURS DU PATIENT<\/strong><\/p>\n\n\n\n<p><strong>Assurer le suivi m\u00e9dico-administratif du dossier patient<\/strong><\/p>\n\n\n\n<ol class=\"wp-block-list\">\n<li>Constitution et mise \u00e0 jour des dossiers patients<\/li>\n\n\n\n<li>Suivi des rendez-vous et examens compl\u00e9mentaires<\/li>\n\n\n\n<li>Tra\u00e7abilit\u00e9 des informations et archivage s\u00e9curis\u00e9<\/li>\n\n\n\n<li>Gestion des relances pour les consultations et traitements<\/li>\n<\/ol>\n\n\n\n<p><strong>Transcrire, v\u00e9rifier et mettre en forme des documents m\u00e9dicaux<\/strong><\/p>\n\n\n\n<ol class=\"wp-block-list\">\n<li>R\u00e9daction de comptes rendus simples et v\u00e9rification orthographique et administrative<\/li>\n\n\n\n<li>Mise en forme de rapports m\u00e9dicaux pour consultation interne ou externe<\/li>\n\n\n\n<li>Respect de la terminologie m\u00e9dicale et des normes de confidentialit\u00e9<\/li>\n<\/ol>\n\n\n\n<p><strong>Renseigner sur l&rsquo;acc\u00e8s au dossier m\u00e9dical du patient ou pr\u00e9parer les \u00e9l\u00e9ments<\/strong><\/p>\n\n\n\n<p class=\"has-small-font-size\">Communication avec les patients, familles et services externes<\/p>\n\n\n\n<p>Information sur les droits des patients et proc\u00e9dure d\u2019acc\u00e8s au dossier<\/p>\n\n\n\n<p>Pr\u00e9paration de copies de documents m\u00e9dicaux en conformit\u00e9 avec la l\u00e9gislation<\/p>\n<\/div>\n<\/div>\n\n\n\n<h4 class=\"wp-block-heading has-text-align-center has-white-color has-text-color has-background\" id=\"programme-1\" style=\"background-color:#e4032c\"><strong>PERSPECTIVES D&rsquo;EMPLOI<\/strong><\/h4>\n\n\n\n<ul class=\"wp-block-list\">\n<li>Secr\u00e9taire m\u00e9dical\u00b7e.<\/li>\n\n\n\n<li>Secr\u00e9taire m\u00e9dico-social\u00b7e.<\/li>\n\n\n\n<li>Assistant\u00b7e m\u00e9dical\u00b7e ou m\u00e9dico-administratif\u00b7ve.<\/li>\n\n\n\n<li>Agent\u00b7e d\u2019accueil ou d\u2019admission dans une structure de sant\u00e9.<\/li>\n\n\n\n<li>Secr\u00e9taire de service hospitalier.<\/li>\n<\/ul>\n\n\n\n<h4 class=\"wp-block-heading has-text-align-center has-white-color has-text-color has-background\" id=\"programme-1\" style=\"background-color:#e4032c\"><strong>POURSUITE D&rsquo;\u00c9TUDES<\/strong><\/h4>\n\n\n\n<ul class=\"wp-block-list\">\n<li>BTS Comptabilit\u00e9 et Gestion<\/li>\n\n\n\n<li>BTS Gestion de la PME (GPME)<\/li>\n\n\n\n<li>TP Assistant\u00b7e de Direction<\/li>\n\n\n\n<li>TP Assistant\u00b7e Ressources Humaines<\/li>\n<\/ul>\n\n\n\n<hr class=\"wp-block-separator has-css-opacity is-style-wide\"\/>\n\n\n\n<h4 class=\"wp-block-heading has-text-align-center has-white-color has-text-color has-background\" id=\"programme-1\" style=\"background-color:#e4032c\"><strong>JE SOUHAITE M&rsquo;INSCRIRE A CETTE FORMATION<\/strong><\/h4>\n\n\n\n<div class=\"wpcf7 no-js\" id=\"wpcf7-f870-o1\" lang=\"fr-FR\" dir=\"ltr\">\n<div class=\"screen-reader-response\"><p role=\"status\" aria-live=\"polite\" aria-atomic=\"true\"><\/p> <ul><\/ul><\/div>\n<form action=\"\/apprentissage\/wp-json\/wp\/v2\/posts\/1754#wpcf7-f870-o1\" method=\"post\" class=\"wpcf7-form init\" aria-label=\"Formulaire de contact\" enctype=\"multipart\/form-data\" novalidate=\"novalidate\" data-status=\"init\">\n<div style=\"display: none;\">\n<input type=\"hidden\" name=\"_wpcf7\" value=\"870\" \/>\n<input type=\"hidden\" name=\"_wpcf7_version\" value=\"5.8.4\" \/>\n<input type=\"hidden\" name=\"_wpcf7_locale\" value=\"fr_FR\" \/>\n<input type=\"hidden\" name=\"_wpcf7_unit_tag\" value=\"wpcf7-f870-o1\" \/>\n<input type=\"hidden\" name=\"_wpcf7_container_post\" value=\"0\" \/>\n<input type=\"hidden\" name=\"_wpcf7_posted_data_hash\" value=\"\" \/>\n<\/div>\n<p><label> Merci de choisir la formation concern\u00e9e :<br \/>\n<span class=\"wpcf7-form-control-wrap\" data-name=\"listeformation\"><select class=\"wpcf7-form-control wpcf7-select wpcf7-validates-as-required\" aria-required=\"true\" aria-invalid=\"false\" name=\"listeformation\"><option value=\"\">&#8212;Veuillez choisir une option&#8212;<\/option><option value=\"BTS \u00c9LECTROTECHNIQUE\">BTS \u00c9LECTROTECHNIQUE<\/option><option value=\"BTS COMMUNICATION\">BTS COMMUNICATION<\/option><option value=\"BTS TOURISME\">BTS TOURISME<\/option><option value=\"RESPONSABLE MARKETING OP\u00c9RATIONNEL\">RESPONSABLE MARKETING OP\u00c9RATIONNEL<\/option><option value=\"TP TECHNICIEN D\u2019APRES-VENTE EN ELECTROMENAGER ET AUDIOVISUEL \u00c0 DOMICILE\">TP TECHNICIEN D\u2019APRES-VENTE EN ELECTROMENAGER ET AUDIOVISUEL \u00c0 DOMICILE<\/option><option value=\"TP SERVEUR(SE) EN RESTAURATION\">TP SERVEUR(SE) EN RESTAURATION<\/option><option value=\"TP SECR\u00c9TAIRE COMPTABLE\">TP SECR\u00c9TAIRE COMPTABLE<\/option><option value=\"TP SECR\u00c9TAIRE ASSISTANT M\u00c9DICO-SOCIAL\">TP SECR\u00c9TAIRE ASSISTANT M\u00c9DICO-SOCIAL<\/option><option value=\"TP SECR\u00c9TAIRE ASSISTANT.E\">TP SECR\u00c9TAIRE ASSISTANT.E<\/option><option value=\"MANAGER DE RAYON\">MANAGER DE RAYON<\/option><option value=\"TP CONSEILLER.\u00c8RE DE VENTE\">TP CONSEILLER.\u00c8RE DE VENTE<\/option><option value=\"TP CONCEPTEUR.RICE D\u00c9VELOPPEUR.SE D\u2019APPLICATIONS\">TP CONCEPTEUR.RICE D\u00c9VELOPPEUR.SE D\u2019APPLICATIONS<\/option><option value=\"TP ATTACH\u00c9.E COMMERCIAL.E\">TP ATTACH\u00c9.E COMMERCIAL.E<\/option><option value=\"TP ASSISTANT.E RESSOURCES HUMAINES\">TP ASSISTANT.E RESSOURCES HUMAINES<\/option><option value=\"TP ASSISTANT.E DE DIRECTION\">TP ASSISTANT.E DE DIRECTION<\/option><option value=\"TP ELECTRICIENT D\u2019EQUIPEMENT DU B\u00c2TIMENT\">TP ELECTRICIENT D\u2019EQUIPEMENT DU B\u00c2TIMENT<\/option><option value=\"AGENT MAGASINIER\">AGENT MAGASINIER<\/option><option value=\"TP TECHNICIEN SUP\u00c9RIEUR EN MAINTENANCE INDUSTRIELLE\">TP TECHNICIEN SUP\u00c9RIEUR EN MAINTENANCE INDUSTRIELLE<\/option><option value=\"TECHNICIEN.NE SYST\u00c8MES R\u00c9SEAUX S\u00c9CURIT\u00c9\">TECHNICIEN.NE SYST\u00c8MES R\u00c9SEAUX S\u00c9CURIT\u00c9<\/option><option value=\"RESPONSABLE DE SERVICE EN H\u00d4TELLERIE, TOURISME ET RESTAURATION\">RESPONSABLE DE SERVICE EN H\u00d4TELLERIE, TOURISME ET RESTAURATION<\/option><option value=\"RESPONSABLE D\u2019AFFAIRES EN IMMOBILIER\">RESPONSABLE D\u2019AFFAIRES EN IMMOBILIER<\/option><option value=\"RESPONSABLE EN LOGISTIQUE\">RESPONSABLE EN LOGISTIQUE<\/option><option value=\"MASTERE MANAGER DE LA STRAT\u00c9GIE MARKETING\">MASTERE MANAGER DE LA STRAT\u00c9GIE MARKETING<\/option><option value=\"MASTERE MANAGER EN RESSOURCES HUMAINES\">MASTERE MANAGER EN RESSOURCES HUMAINES<\/option><option value=\"MASTERE MANAGER DES AFFAIRES\">MASTERE MANAGER DES AFFAIRES<\/option><option value=\"MASTERE MANAGER DU D\u00c9VELOPPEMENT COMMERCIAL\">MASTERE MANAGER DU D\u00c9VELOPPEMENT COMMERCIAL<\/option><option value=\"CONTROLEUR DE GESTION\">CONTROLEUR DE GESTION<\/option><option value=\"TP CONSEILLER.IERE RELATION CLIENT \u00c0 DISTANCE\">TP CONSEILLER.IERE RELATION CLIENT \u00c0 DISTANCE<\/option><option value=\"BACHELOR CONSEILLER FINANCIER\">BACHELOR CONSEILLER FINANCIER<\/option><option value=\"COMMUNITY MANAGER\">COMMUNITY MANAGER<\/option><option value=\"COORDINATEUR.TRICE D\u2019INCLUSION SOCIALE, M\u00c9DICO-SOCIALE ET PROFESSIONNELLE\">COORDINATEUR.TRICE D\u2019INCLUSION SOCIALE, M\u00c9DICO-SOCIALE ET PROFESSIONNELLE<\/option><option value=\"CAP GLACIER FABRIQUANT\">CAP GLACIER FABRIQUANT<\/option><option value=\"BTS N\u00c9GOCIATION &amp; DIGITALISATION DE LA RELATION CLIENT\">BTS N\u00c9GOCIATION &amp; DIGITALISATION DE LA RELATION CLIENT<\/option><option value=\"BTS MANAGEMENT COMMERCIAL OP\u00c9RATIONNEL\">BTS MANAGEMENT COMMERCIAL OP\u00c9RATIONNEL<\/option><option value=\"BTS GESTION DES TRANSPORTS ET LOGISTIQUE ASSOCI\u00c9E\">BTS GESTION DES TRANSPORTS ET LOGISTIQUE ASSOCI\u00c9E<\/option><option value=\"BTS GESTION DE LA PME\">BTS GESTION DE LA PME<\/option><option value=\"BTS COMPTABILIT\u00c9 GESTION\">BTS COMPTABILIT\u00c9 GESTION<\/option><option value=\"BTS CYBERS\u00c9CURIT\u00c9, INFORMATIQUE ET R\u00c9SEAUX, \u00c9LECTRONIQUE \u2013 BTS CIEL\">BTS CYBERS\u00c9CURIT\u00c9, INFORMATIQUE ET R\u00c9SEAUX, \u00c9LECTRONIQUE \u2013 BTS CIEL<\/option><option value=\"BTS BANQUE, CONSEILLER DE CLIENT\u00c8LE\">BTS BANQUE, CONSEILLER DE CLIENT\u00c8LE<\/option><option value=\"BACHELOR CHARG\u00c9.E DES RESSOURCES HUMAINES\">BACHELOR CHARG\u00c9.E DES RESSOURCES HUMAINES<\/option><option value=\"BACHELOR CHARG\u00c9.E D\u2019AFFAIRES COMMERCIALES\">BACHELOR CHARG\u00c9.E D\u2019AFFAIRES COMMERCIALES<\/option><option value=\"BACHELOR BANQUE ET ASSURANCES\">BACHELOR BANQUE ET ASSURANCES<\/option><option value=\"RESPONSABLE D\u2019ENTREPRISE D\u2019\u00c9CONOMIE SOCIALE ET SOLIDAIRE\">RESPONSABLE D\u2019ENTREPRISE D\u2019\u00c9CONOMIE SOCIALE ET SOLIDAIRE<\/option><option value=\"TP BIM MODELEUR DU B\u00c2TIMENT\">TP BIM MODELEUR DU B\u00c2TIMENT<\/option><option value=\"TP CHEF(FE) DE CHANTIER TRAVAUX PUBLICS ROUTES ET CANALISATIONS\">TP CHEF(FE) DE CHANTIER TRAVAUX PUBLICS ROUTES ET CANALISATIONS<\/option><option value=\"TP MACON EN VOIRIE RESEAUX DIVERS\">TP MACON EN VOIRIE RESEAUX DIVERS<\/option><option value=\"TP COFFREUR BANCHEUR\">TP COFFREUR BANCHEUR<\/option><option value=\"TP TECHNICIEN EN LOGISTIQUE D\u2019ENTREPOSAGE\">TP TECHNICIEN EN LOGISTIQUE D\u2019ENTREPOSAGE<\/option><option value=\"RESPONSABLE LOGISTIQUE\">RESPONSABLE LOGISTIQUE<\/option><\/select><\/span><br \/>\n<\/label><br \/>\n<label> Votre nom (obligatoire)<br \/>\n<span class=\"wpcf7-form-control-wrap\" data-name=\"your-name\"><input size=\"40\" class=\"wpcf7-form-control wpcf7-text wpcf7-validates-as-required\" aria-required=\"true\" aria-invalid=\"false\" value=\"\" type=\"text\" name=\"your-name\" \/><\/span> <\/label>\n<\/p>\n<p><label> Votre Email (obligatoire)<br \/>\n<span class=\"wpcf7-form-control-wrap\" data-name=\"your-email\"><input size=\"40\" class=\"wpcf7-form-control wpcf7-email wpcf7-validates-as-required wpcf7-text wpcf7-validates-as-email\" aria-required=\"true\" aria-invalid=\"false\" value=\"\" type=\"email\" name=\"your-email\" \/><\/span> <\/label><br \/>\n<label> Votre t\u00e9l\u00e9phone <span class=\"wpcf7-form-control-wrap\" data-name=\"tel-704\"><input size=\"40\" class=\"wpcf7-form-control wpcf7-tel wpcf7-validates-as-required wpcf7-text wpcf7-validates-as-tel\" aria-required=\"true\" aria-invalid=\"false\" value=\"\" type=\"tel\" name=\"tel-704\" \/><\/span><\/label><br \/>\n<label> Objet<br \/>\n<span class=\"wpcf7-form-control-wrap\" data-name=\"your-subject\"><input size=\"40\" class=\"wpcf7-form-control wpcf7-text\" aria-invalid=\"false\" value=\"\" type=\"text\" name=\"your-subject\" \/><\/span> <\/label>\n<\/p>\n<p><label> Votre message<br \/>\n<span class=\"wpcf7-form-control-wrap\" data-name=\"your-message\"><textarea cols=\"40\" rows=\"10\" class=\"wpcf7-form-control wpcf7-textarea\" aria-invalid=\"false\" name=\"your-message\"><\/textarea><\/span> <\/label><br \/>\n<label> Vous pouvez nous envoyer votre CV si vous le souhaitez :<br \/>\n<span class=\"wpcf7-form-control-wrap\" data-name=\"file-707\"><input size=\"40\" class=\"wpcf7-form-control wpcf7-file\" accept=\"audio\/*,video\/*,image\/*\" aria-invalid=\"false\" type=\"file\" name=\"file-707\" \/><\/span> <\/label>\n<\/p>\n<p><input class=\"wpcf7-form-control wpcf7-submit has-spinner\" type=\"submit\" value=\"Envoyer\" \/>\n<\/p><p style=\"display: none !important;\"><label>&#916;<textarea name=\"_wpcf7_ak_hp_textarea\" cols=\"45\" rows=\"8\" maxlength=\"100\"><\/textarea><\/label><input type=\"hidden\" id=\"ak_js_1\" name=\"_wpcf7_ak_js\" value=\"203\"\/><script>document.getElementById( \"ak_js_1\" ).setAttribute( \"value\", ( new Date() ).getTime() );<\/script><\/p><div class=\"wpcf7-response-output\" aria-hidden=\"true\"><\/div>\n<\/form>\n<\/div>\n\n\n\n\n<p><\/p>\n\n\n\n<p><\/p>\n","protected":false},"excerpt":{"rendered":"<p>DETAILS 500HSUR 1 AN2 jours\/Semaine CERTIFICATIONDipl\u00f4me de niveau 4 (NA) intitul\u00e9 \u00ab\u00a0SECR\u00c9TAIRE ASSISTANT.E M\u00c9DICO-ADMINISTRATIF.VE\u00a0\u00bb,, enregistr\u00e9 au RNCP le 19\/06\/2025&nbsp; et d\u00e9livr\u00e9 par le Minist\u00e8re du Travail, de l\u2019emploi et de l\u2019insertionCode RNCP : 40800Code Dipl\u00f4me : 46T32401Code NSF : 324 Lien France Comp\u00e9tences : https:\/\/www.francecompetences.fr\/recherche\/rncp\/40800\/ CONTACTSChristine GUENIOT 0690 48 26 500590 38 71 36 christine.gueniot@fore.fr &hellip; <\/p>\n<p class=\"link-more\"><a href=\"https:\/\/www.fore.fr\/apprentissage\/tp-secretaire-assistant-e-medico-administratif-ve\/\" class=\"more-link\">Continuer la lecture<span class=\"screen-reader-text\"> de &laquo;&nbsp;SECR\u00c9TAIRE ASSISTANT.E M\u00c9DICO ADMINISTRATIF.VE&nbsp;&raquo;<\/span><\/a><\/p>\n","protected":false},"author":1,"featured_media":0,"comment_status":"closed","ping_status":"closed","sticky":false,"template":"","format":"standard","meta":{"footnotes":""},"categories":[42,5,24,17],"tags":[],"class_list":["post-1754","post","type-post","status-publish","format-standard","hentry","category-administratif-comptabilite","category-apprentissage","category-niveau-4","category-titre-professionnel"],"yoast_head":"<!-- This site is optimized with the Yoast SEO plugin v21.6 - https:\/\/yoast.com\/wordpress\/plugins\/seo\/ -->\n<title>SECR\u00c9TAIRE ASSISTANT.E M\u00c9DICO ADMINISTRATIF.VE - FORE ALTERNANCE<\/title>\n<meta name=\"description\" content=\"D\u00e9couvrez notre formation en apprentissage : SECR\u00c9TAIRE ASSISTANT.E M\u00c9DICO ADMINISTRATIF.VE - FORE ALTERNANCE\" \/>\n<meta name=\"robots\" content=\"index, follow, max-snippet:-1, max-image-preview:large, max-video-preview:-1\" \/>\n<link rel=\"canonical\" href=\"https:\/\/www.fore.fr\/apprentissage\/tp-secretaire-assistant-e-medico-administratif-ve\/\" \/>\n<meta property=\"og:locale\" content=\"fr_FR\" \/>\n<meta property=\"og:type\" content=\"article\" \/>\n<meta property=\"og:title\" content=\"SECR\u00c9TAIRE ASSISTANT.E M\u00c9DICO ADMINISTRATIF.VE - FORE ALTERNANCE\" \/>\n<meta property=\"og:description\" content=\"D\u00e9couvrez notre formation en apprentissage : SECR\u00c9TAIRE ASSISTANT.E M\u00c9DICO ADMINISTRATIF.VE - FORE ALTERNANCE\" \/>\n<meta property=\"og:url\" content=\"https:\/\/www.fore.fr\/apprentissage\/tp-secretaire-assistant-e-medico-administratif-ve\/\" \/>\n<meta property=\"og:site_name\" content=\"FORE ALTERNANCE\" \/>\n<meta property=\"article:publisher\" content=\"https:\/\/www.facebook.com\/Fore97\" \/>\n<meta property=\"article:published_time\" content=\"2026-04-10T18:21:14+00:00\" \/>\n<meta property=\"article:modified_time\" content=\"2026-04-10T18:21:15+00:00\" \/>\n<meta name=\"author\" content=\"fore971\" \/>\n<meta name=\"twitter:card\" content=\"summary_large_image\" \/>\n<meta name=\"twitter:label1\" content=\"\u00c9crit par\" \/>\n\t<meta name=\"twitter:data1\" content=\"fore971\" \/>\n<script type=\"application\/ld+json\" class=\"yoast-schema-graph\">{\"@context\":\"https:\/\/schema.org\",\"@graph\":[{\"@type\":\"Article\",\"@id\":\"https:\/\/www.fore.fr\/apprentissage\/tp-secretaire-assistant-e-medico-administratif-ve\/#article\",\"isPartOf\":{\"@id\":\"https:\/\/www.fore.fr\/apprentissage\/tp-secretaire-assistant-e-medico-administratif-ve\/\"},\"author\":{\"name\":\"fore971\",\"@id\":\"https:\/\/www.fore.fr\/apprentissage\/#\/schema\/person\/f45be1acbe26dbf632745c675deec333\"},\"headline\":\"SECR\u00c9TAIRE ASSISTANT.E M\u00c9DICO ADMINISTRATIF.VE\",\"datePublished\":\"2026-04-10T18:21:14+00:00\",\"dateModified\":\"2026-04-10T18:21:15+00:00\",\"mainEntityOfPage\":{\"@id\":\"https:\/\/www.fore.fr\/apprentissage\/tp-secretaire-assistant-e-medico-administratif-ve\/\"},\"wordCount\":660,\"publisher\":{\"@id\":\"https:\/\/www.fore.fr\/apprentissage\/#organization\"},\"articleSection\":[\"ADMINISTRATIF &amp; COMPTABILITE\",\"Apprentissage\",\"NIVEAU 4\",\"TITRE PROFESSIONNEL\"],\"inLanguage\":\"fr-FR\"},{\"@type\":\"WebPage\",\"@id\":\"https:\/\/www.fore.fr\/apprentissage\/tp-secretaire-assistant-e-medico-administratif-ve\/\",\"url\":\"https:\/\/www.fore.fr\/apprentissage\/tp-secretaire-assistant-e-medico-administratif-ve\/\",\"name\":\"SECR\u00c9TAIRE ASSISTANT.E M\u00c9DICO ADMINISTRATIF.VE - FORE ALTERNANCE\",\"isPartOf\":{\"@id\":\"https:\/\/www.fore.fr\/apprentissage\/#website\"},\"datePublished\":\"2026-04-10T18:21:14+00:00\",\"dateModified\":\"2026-04-10T18:21:15+00:00\",\"description\":\"D\u00e9couvrez notre formation en apprentissage : SECR\u00c9TAIRE ASSISTANT.E M\u00c9DICO ADMINISTRATIF.VE - FORE ALTERNANCE\",\"breadcrumb\":{\"@id\":\"https:\/\/www.fore.fr\/apprentissage\/tp-secretaire-assistant-e-medico-administratif-ve\/#breadcrumb\"},\"inLanguage\":\"fr-FR\",\"potentialAction\":[{\"@type\":\"ReadAction\",\"target\":[\"https:\/\/www.fore.fr\/apprentissage\/tp-secretaire-assistant-e-medico-administratif-ve\/\"]}]},{\"@type\":\"BreadcrumbList\",\"@id\":\"https:\/\/www.fore.fr\/apprentissage\/tp-secretaire-assistant-e-medico-administratif-ve\/#breadcrumb\",\"itemListElement\":[{\"@type\":\"ListItem\",\"position\":1,\"name\":\"Accueil\",\"item\":\"https:\/\/www.fore.fr\/apprentissage\/\"},{\"@type\":\"ListItem\",\"position\":2,\"name\":\"SECR\u00c9TAIRE ASSISTANT.E M\u00c9DICO ADMINISTRATIF.VE\"}]},{\"@type\":\"WebSite\",\"@id\":\"https:\/\/www.fore.fr\/apprentissage\/#website\",\"url\":\"https:\/\/www.fore.fr\/apprentissage\/\",\"name\":\"FORE ALTERNANCE\",\"description\":\"D\u00c9COUVREZ NOTRE OFFRE DE FORMATION COMPL\u00c8TE EN APPRENTISSAGE &amp; PROFESSIONNALISATION !\",\"publisher\":{\"@id\":\"https:\/\/www.fore.fr\/apprentissage\/#organization\"},\"potentialAction\":[{\"@type\":\"SearchAction\",\"target\":{\"@type\":\"EntryPoint\",\"urlTemplate\":\"https:\/\/www.fore.fr\/apprentissage\/?s={search_term_string}\"},\"query-input\":\"required name=search_term_string\"}],\"inLanguage\":\"fr-FR\"},{\"@type\":\"Organization\",\"@id\":\"https:\/\/www.fore.fr\/apprentissage\/#organization\",\"name\":\"Fore\",\"url\":\"https:\/\/www.fore.fr\/apprentissage\/\",\"logo\":{\"@type\":\"ImageObject\",\"inLanguage\":\"fr-FR\",\"@id\":\"https:\/\/www.fore.fr\/apprentissage\/#\/schema\/logo\/image\/\",\"url\":\"\",\"contentUrl\":\"\",\"caption\":\"Fore\"},\"image\":{\"@id\":\"https:\/\/www.fore.fr\/apprentissage\/#\/schema\/logo\/image\/\"},\"sameAs\":[\"https:\/\/www.facebook.com\/Fore97\",\"https:\/\/www.instagram.com\/fore.formation\"]},{\"@type\":\"Person\",\"@id\":\"https:\/\/www.fore.fr\/apprentissage\/#\/schema\/person\/f45be1acbe26dbf632745c675deec333\",\"name\":\"fore971\",\"image\":{\"@type\":\"ImageObject\",\"inLanguage\":\"fr-FR\",\"@id\":\"https:\/\/www.fore.fr\/apprentissage\/#\/schema\/person\/image\/\",\"url\":\"https:\/\/secure.gravatar.com\/avatar\/e79e0dc4447cace26f00e3b41dc0f450?s=96&d=mm&r=g\",\"contentUrl\":\"https:\/\/secure.gravatar.com\/avatar\/e79e0dc4447cace26f00e3b41dc0f450?s=96&d=mm&r=g\",\"caption\":\"fore971\"},\"sameAs\":[\"https:\/\/migration.fore.fr\/apprentissage\"],\"url\":\"https:\/\/www.fore.fr\/apprentissage\/author\/fore971\/\"}]}<\/script>\n<!-- \/ Yoast SEO plugin. -->","yoast_head_json":{"title":"SECR\u00c9TAIRE ASSISTANT.E M\u00c9DICO ADMINISTRATIF.VE - FORE ALTERNANCE","description":"D\u00e9couvrez notre formation en apprentissage : SECR\u00c9TAIRE ASSISTANT.E M\u00c9DICO ADMINISTRATIF.VE - FORE ALTERNANCE","robots":{"index":"index","follow":"follow","max-snippet":"max-snippet:-1","max-image-preview":"max-image-preview:large","max-video-preview":"max-video-preview:-1"},"canonical":"https:\/\/www.fore.fr\/apprentissage\/tp-secretaire-assistant-e-medico-administratif-ve\/","og_locale":"fr_FR","og_type":"article","og_title":"SECR\u00c9TAIRE ASSISTANT.E M\u00c9DICO ADMINISTRATIF.VE - FORE ALTERNANCE","og_description":"D\u00e9couvrez notre formation en apprentissage : SECR\u00c9TAIRE ASSISTANT.E M\u00c9DICO ADMINISTRATIF.VE - FORE ALTERNANCE","og_url":"https:\/\/www.fore.fr\/apprentissage\/tp-secretaire-assistant-e-medico-administratif-ve\/","og_site_name":"FORE ALTERNANCE","article_publisher":"https:\/\/www.facebook.com\/Fore97","article_published_time":"2026-04-10T18:21:14+00:00","article_modified_time":"2026-04-10T18:21:15+00:00","author":"fore971","twitter_card":"summary_large_image","twitter_misc":{"\u00c9crit par":"fore971"},"schema":{"@context":"https:\/\/schema.org","@graph":[{"@type":"Article","@id":"https:\/\/www.fore.fr\/apprentissage\/tp-secretaire-assistant-e-medico-administratif-ve\/#article","isPartOf":{"@id":"https:\/\/www.fore.fr\/apprentissage\/tp-secretaire-assistant-e-medico-administratif-ve\/"},"author":{"name":"fore971","@id":"https:\/\/www.fore.fr\/apprentissage\/#\/schema\/person\/f45be1acbe26dbf632745c675deec333"},"headline":"SECR\u00c9TAIRE ASSISTANT.E M\u00c9DICO ADMINISTRATIF.VE","datePublished":"2026-04-10T18:21:14+00:00","dateModified":"2026-04-10T18:21:15+00:00","mainEntityOfPage":{"@id":"https:\/\/www.fore.fr\/apprentissage\/tp-secretaire-assistant-e-medico-administratif-ve\/"},"wordCount":660,"publisher":{"@id":"https:\/\/www.fore.fr\/apprentissage\/#organization"},"articleSection":["ADMINISTRATIF &amp; COMPTABILITE","Apprentissage","NIVEAU 4","TITRE PROFESSIONNEL"],"inLanguage":"fr-FR"},{"@type":"WebPage","@id":"https:\/\/www.fore.fr\/apprentissage\/tp-secretaire-assistant-e-medico-administratif-ve\/","url":"https:\/\/www.fore.fr\/apprentissage\/tp-secretaire-assistant-e-medico-administratif-ve\/","name":"SECR\u00c9TAIRE ASSISTANT.E M\u00c9DICO ADMINISTRATIF.VE - FORE ALTERNANCE","isPartOf":{"@id":"https:\/\/www.fore.fr\/apprentissage\/#website"},"datePublished":"2026-04-10T18:21:14+00:00","dateModified":"2026-04-10T18:21:15+00:00","description":"D\u00e9couvrez notre formation en apprentissage : SECR\u00c9TAIRE ASSISTANT.E M\u00c9DICO ADMINISTRATIF.VE - FORE ALTERNANCE","breadcrumb":{"@id":"https:\/\/www.fore.fr\/apprentissage\/tp-secretaire-assistant-e-medico-administratif-ve\/#breadcrumb"},"inLanguage":"fr-FR","potentialAction":[{"@type":"ReadAction","target":["https:\/\/www.fore.fr\/apprentissage\/tp-secretaire-assistant-e-medico-administratif-ve\/"]}]},{"@type":"BreadcrumbList","@id":"https:\/\/www.fore.fr\/apprentissage\/tp-secretaire-assistant-e-medico-administratif-ve\/#breadcrumb","itemListElement":[{"@type":"ListItem","position":1,"name":"Accueil","item":"https:\/\/www.fore.fr\/apprentissage\/"},{"@type":"ListItem","position":2,"name":"SECR\u00c9TAIRE ASSISTANT.E M\u00c9DICO ADMINISTRATIF.VE"}]},{"@type":"WebSite","@id":"https:\/\/www.fore.fr\/apprentissage\/#website","url":"https:\/\/www.fore.fr\/apprentissage\/","name":"FORE ALTERNANCE","description":"D\u00c9COUVREZ NOTRE OFFRE DE FORMATION COMPL\u00c8TE EN APPRENTISSAGE &amp; PROFESSIONNALISATION !","publisher":{"@id":"https:\/\/www.fore.fr\/apprentissage\/#organization"},"potentialAction":[{"@type":"SearchAction","target":{"@type":"EntryPoint","urlTemplate":"https:\/\/www.fore.fr\/apprentissage\/?s={search_term_string}"},"query-input":"required name=search_term_string"}],"inLanguage":"fr-FR"},{"@type":"Organization","@id":"https:\/\/www.fore.fr\/apprentissage\/#organization","name":"Fore","url":"https:\/\/www.fore.fr\/apprentissage\/","logo":{"@type":"ImageObject","inLanguage":"fr-FR","@id":"https:\/\/www.fore.fr\/apprentissage\/#\/schema\/logo\/image\/","url":"","contentUrl":"","caption":"Fore"},"image":{"@id":"https:\/\/www.fore.fr\/apprentissage\/#\/schema\/logo\/image\/"},"sameAs":["https:\/\/www.facebook.com\/Fore97","https:\/\/www.instagram.com\/fore.formation"]},{"@type":"Person","@id":"https:\/\/www.fore.fr\/apprentissage\/#\/schema\/person\/f45be1acbe26dbf632745c675deec333","name":"fore971","image":{"@type":"ImageObject","inLanguage":"fr-FR","@id":"https:\/\/www.fore.fr\/apprentissage\/#\/schema\/person\/image\/","url":"https:\/\/secure.gravatar.com\/avatar\/e79e0dc4447cace26f00e3b41dc0f450?s=96&d=mm&r=g","contentUrl":"https:\/\/secure.gravatar.com\/avatar\/e79e0dc4447cace26f00e3b41dc0f450?s=96&d=mm&r=g","caption":"fore971"},"sameAs":["https:\/\/migration.fore.fr\/apprentissage"],"url":"https:\/\/www.fore.fr\/apprentissage\/author\/fore971\/"}]}},"_links":{"self":[{"href":"https:\/\/www.fore.fr\/apprentissage\/wp-json\/wp\/v2\/posts\/1754"}],"collection":[{"href":"https:\/\/www.fore.fr\/apprentissage\/wp-json\/wp\/v2\/posts"}],"about":[{"href":"https:\/\/www.fore.fr\/apprentissage\/wp-json\/wp\/v2\/types\/post"}],"author":[{"embeddable":true,"href":"https:\/\/www.fore.fr\/apprentissage\/wp-json\/wp\/v2\/users\/1"}],"replies":[{"embeddable":true,"href":"https:\/\/www.fore.fr\/apprentissage\/wp-json\/wp\/v2\/comments?post=1754"}],"version-history":[{"count":20,"href":"https:\/\/www.fore.fr\/apprentissage\/wp-json\/wp\/v2\/posts\/1754\/revisions"}],"predecessor-version":[{"id":8886,"href":"https:\/\/www.fore.fr\/apprentissage\/wp-json\/wp\/v2\/posts\/1754\/revisions\/8886"}],"wp:attachment":[{"href":"https:\/\/www.fore.fr\/apprentissage\/wp-json\/wp\/v2\/media?parent=1754"}],"wp:term":[{"taxonomy":"category","embeddable":true,"href":"https:\/\/www.fore.fr\/apprentissage\/wp-json\/wp\/v2\/categories?post=1754"},{"taxonomy":"post_tag","embeddable":true,"href":"https:\/\/www.fore.fr\/apprentissage\/wp-json\/wp\/v2\/tags?post=1754"}],"curies":[{"name":"wp","href":"https:\/\/api.w.org\/{rel}","templated":true}]}}