{"id":2397,"date":"2026-04-10T20:28:04","date_gmt":"2026-04-10T18:28:04","guid":{"rendered":"https:\/\/www.fore.fr\/apprentissage\/?p=2397"},"modified":"2026-04-10T23:24:32","modified_gmt":"2026-04-10T21:24:32","slug":"titre-professionnel-conseiller-vente","status":"publish","type":"post","link":"https:\/\/www.fore.fr\/apprentissage\/titre-professionnel-conseiller-vente\/","title":{"rendered":"TP CONSEILLER.\u00c8RE DE VENTE"},"content":{"rendered":"\n<h4 class=\"wp-block-heading has-text-align-center has-white-color has-black-background-color has-text-color has-background\" id=\"programme-1\"><br><strong>DETAILS<\/strong><\/h4>\n\n\n\n<div class=\"wp-block-columns is-layout-flex wp-container-core-columns-is-layout-1 wp-block-columns-is-layout-flex\">\n<div class=\"wp-block-column is-vertically-aligned-top is-layout-flow wp-block-column-is-layout-flow\">\n<p class=\"has-white-color has-text-color has-background\" style=\"background-color:#e4032c\"><strong>500H<\/strong><br><strong>SUR 10 MOIS<\/strong><br><strong>2 jours\/Semaine<\/strong><\/p>\n\n\n\n<p class=\"has-small-font-size\"><strong>CERTIFICATION<\/strong><br>Titre de Niveau 4 (BAC), enregistr\u00e9 et inscrit au R\u00e9pertoire National des Certifications<br>Professionnelles.<br>Code RNCP : 37098 enregistr\u00e9 le 25\/11\/2022<br>Code Dipl\u00f4me Apprentissage : 43T31203<\/p>\n\n\n\n<figure class=\"wp-block-table has-small-font-size\"><table class=\"has-vivid-red-color has-text-color\"><tbody><tr><td><strong>Lien France Comp\u00e9tences : <a href=\"https:\/\/www.francecompetences.fr\/recherche\/rncp\/37098\" target=\"_blank\" rel=\"noreferrer noopener\">https:\/\/www.francecompetences.fr\/<br>recherche\/rncp\/37098<\/a><\/strong><\/td><\/tr><\/tbody><\/table><\/figure>\n<\/div>\n\n\n\n<div class=\"wp-block-column is-vertically-aligned-center is-layout-flow wp-block-column-is-layout-flow\">\n<p><strong>CONTACTS<\/strong><br><strong>Christine GUENIOT <\/strong><br>0690 48 26 50<br>0590 38 71 36<strong> <\/strong><br><a href=\"mailto:christine.gueniot@fore.fr\">christine.gueniot@fore.fr<\/a> <br><strong>Delphine PIERQUIN<\/strong><br> 0690 05 76 95 \/ 0590 38 22 78<br><a href=\"mailto:delphine.pierquin@fore.fr\">delphine.pierquin@fore.fr<\/a><\/p>\n<\/div>\n<\/div>\n\n\n\n<hr class=\"wp-block-separator has-css-opacity\"\/>\n\n\n\n<div data-wp-interactive=\"core\/file\" class=\"wp-block-file\"><object data-wp-bind--hidden=\"!state.hasPdfPreview\"  class=\"wp-block-file__embed\" data=\"https:\/\/www.fore.fr\/apprentissage\/wp-content\/uploads\/2026\/04\/A4-TP-CONSEILLER-DE-VENTE-FA.pdf\" type=\"application\/pdf\" style=\"width:100%;height:600px\" aria-label=\"Contenu embarqu\u00e9 A4-TP-CONSEILLER DE VENTE FA.\"><\/object><a id=\"wp-block-file--media-881cede3-6b17-4c90-b8b0-5fad76503e75\" href=\"https:\/\/www.fore.fr\/apprentissage\/wp-content\/uploads\/2026\/04\/A4-TP-CONSEILLER-DE-VENTE-FA.pdf\" target=\"_blank\" rel=\"noreferrer noopener\">A4-TP-CONSEILLER DE VENTE FA<\/a><a href=\"https:\/\/www.fore.fr\/apprentissage\/wp-content\/uploads\/2026\/04\/A4-TP-CONSEILLER-DE-VENTE-FA.pdf\" class=\"wp-block-file__button wp-element-button\" download aria-describedby=\"wp-block-file--media-881cede3-6b17-4c90-b8b0-5fad76503e75\">T\u00e9l\u00e9charger<\/a><\/div>\n\n\n\n<p class=\"has-black-color has-text-color\"><strong><span style=\"color: &quot;red;\">PR\u00c9REQUIS<\/span><\/strong><br>Une forte motivation, une capacit\u00e9 \u00e0 s\u2019adapter aux \u00e9volutions du poste et l\u2019envie de consolider ses comp\u00e9tences en vente et communication constituent un atout majeur. Le\u00a0 parcours\u00a0 reste\u00a0 accessible\u00a0 aux personnes justifiant d\u2019un dipl\u00f4me de niveau 3 (CAP\/BEP).<\/p>\n\n\n\n<p><strong>M\u00c9THODES P\u00c9DAGOGIQUES :<\/strong><br>Apports op\u00e9rationnels par des sp\u00e9cialistes du secteur. Mises\u00a0 en\u00a0 situation\u00a0 r\u00e9elles,\u00a0 travaux\u00a0 dirig\u00e9s,\u00a0 \u00e9tudes\u00a0 de\u00a0 cas\u00a0 pratiques.\u00a0 Formation majoritairement en pr\u00e9sentiel, favorisant les \u00e9changes et la dynamique de groupe.<\/p>\n\n\n\n<p><strong>MOYENS P\u00c9DAGOGIQUES :<\/strong><br>Salles informatiques \u00e9quip\u00e9es et connect\u00e9es \u00e0 Internet (fibre optique). Acc\u00e8s aux documentations et ressources num\u00e9riques via la plateforme TEAMS. Supports de cours d\u00e9mat\u00e9rialis\u00e9s t\u00e9l\u00e9chargeables. \u00c9quipements adapt\u00e9s : vid\u00e9oprojecteurs, tableaux interactifs, mat\u00e9riel informatique. Classeur p\u00e9dagogique remis \u00e0 chaque stagiaire, permettant de suivre pas \u00e0 pas le d\u00e9roulement de la formation en conformit\u00e9 avec le r\u00e9f\u00e9rentiel.<\/p>\n\n\n\n<p><strong>SUIVI ET \u00c9VALUATIONS : <\/strong>Contr\u00f4les continus et \u00e9tudes de cas pratiques tout au long du parcours pour valider l\u2019acquisition progressive des comp\u00e9tences. Progression p\u00e9dagogique d\u00e9taill\u00e9e remise par chaque formateur, garantissant un apprentissage structur\u00e9.<br><strong>\u00c9valuation en entreprise : <\/strong>durant la p\u00e9riode d\u2019application pratique, des grilles d\u2019\u00e9valuation op\u00e9rationnelles sont utilis\u00e9es pour mesurer la mont\u00e9e en comp\u00e9tences. Chaque comp\u00e9tence du r\u00e9f\u00e9rentiel fait l\u2019objet d\u2019une notation pr\u00e9cise et rigoureuse. Ce suivi permet d\u2019objectiver la progression, d\u2019identifier les axes de perfectionnement et de garantir la mise en pratique effective des acquis en situation professionnelle.<\/p>\n\n\n\n<h4 class=\"wp-block-heading has-text-align-center has-white-color has-text-color has-background\" id=\"programme-1\" style=\"background-color:#e4032c\"><strong>PROGRAMME<\/strong><\/h4>\n\n\n\n<div class=\"wp-block-columns is-layout-flex wp-container-core-columns-is-layout-2 wp-block-columns-is-layout-flex\">\n<div class=\"wp-block-column is-layout-flow wp-block-column-is-layout-flow\">\n<p class=\"has-small-font-size\"><strong>Contribuer \u00e0 l\u2019efficacit\u00e9 commerciale d\u2019une unit\u00e9 marchande dans un environnement omnicanal<\/strong><br>\u2022 Rechercher les tendances du march\u00e9 et les \u00e9volutions des comportements clients<br>\u2022 Observer les pratiques des concurrents (offres, prix, organisation)<br>\u2022 Utiliser des outils de veille (r\u00e9seaux, presse, indicateurs internes)<br>\u2022 Partager les informations utiles avec l\u2019\u00e9quipe<br>\u2022 Participer \u00e0 la r\u00e9ception des marchandises<br>\u2022 Contr\u00f4ler la conformit\u00e9 des livraisons<br>\u2022 Assurer le stockage et l\u2019organisation des r\u00e9serves<br>\u2022 Mettre en rayon les produits dans le respect des r\u00e8gles<br>\u2022 R\u00e9aliser le r\u00e9assort et suivre les stocks<br>\u2022 Pr\u00e9venir les ruptures, surstocks et la d\u00e9marque<br>\u2022 Maintenir la qualit\u00e9 et l\u2019attractivit\u00e9 de l\u2019espace de vente<br>\u2022 Assurer la disponibilit\u00e9 et la bonne pr\u00e9sentation des produits<br>\u2022 Mettre en valeur les produits (promotions, nouveaut\u00e9s)<br>\u2022 Appliquer les r\u00e8gles d\u2019implantation (facing, balisage)<br>\u2022 Adapter la pr\u00e9sentation aux op\u00e9rations commerciales et \u00e0 la saisonnalit\u00e9<br>\u2022 Utiliser les indicateurs de performance (CA, panier moyen, taux de transformation)<br>\u2022 Exploiter les outils de suivi et tableaux de bord<br>\u2022 Analyser ses r\u00e9sultats<br>\u2022 Identifier les \u00e9carts et axes d\u2019am\u00e9lioration<br>\u2022 Rendre compte de son activit\u00e9<\/p>\n<\/div>\n\n\n\n<div class=\"wp-block-column is-layout-flow wp-block-column-is-layout-flow\">\n<p class=\"has-small-font-size\"><strong>Am\u00e9liorer l\u2019exp\u00e9rience client dans un environnement omnicanal<\/strong><br>\u2022 Adopter une posture professionnelle conforme \u00e0 l\u2019enseigne<br>\u2022 Assurer un accueil de qualit\u00e9<br>\u2022 Contribuer \u00e0 un environnement de vente attractif<br>\u2022 Accueillir et identifier les besoins du client<br>\u2022 Argumenter et valoriser l\u2019offre<br>\u2022 Adapter son discours au client et au canal<br>\u2022 Traiter les objections<br>\u2022 Conclure la vente<br>\u2022 R\u00e9aliser les op\u00e9rations d\u2019encaissement<br>\u2022 Assurer le suivi des commandes et livraisons<br>\u2022 G\u00e9rer les r\u00e9clamations clients<br>\u2022 Mettre \u00e0 jour les informations clients<br>\u2022 D\u00e9velopper une relation client durable<br>\u2022 Proposer des services compl\u00e9mentaires<br>\u2022 Utiliser les outils de fid\u00e9lisation<br>\u2022 Recueillir et traiter la satisfaction client<\/p>\n<\/div>\n<\/div>\n\n\n\n<h4 class=\"wp-block-heading has-text-align-center has-white-color has-text-color has-background\" id=\"programme-1\" style=\"background-color:#e4032c\"><strong>PERSPECTIVES D&rsquo;EMPLOI<\/strong><\/h4>\n\n\n\n<ul class=\"wp-block-list\">\n<li>Conseiller(\u00e8re) de vente en magasin<\/li>\n\n\n\n<li>Employ\u00e9(e) commercial(e)<\/li>\n\n\n\n<li>Vendeur(se) sp\u00e9cialis\u00e9(e)<\/li>\n\n\n\n<li>Animateur(trice) des ventes<\/li>\n\n\n\n<li>Charg\u00e9(e) de client\u00e8le en boutique<\/li>\n\n\n\n<li>Conseiller(\u00e8re) en produits techniques ou sp\u00e9cialis\u00e9s<\/li>\n<\/ul>\n\n\n\n<hr class=\"wp-block-separator has-css-opacity is-style-wide\"\/>\n\n\n\n<h4 class=\"wp-block-heading has-text-align-center has-white-color has-text-color has-background\" id=\"programme-1\" style=\"background-color:#e4032c\"><strong>JE SOUHAITE M&rsquo;INSCRIRE A CETTE FORMATION<\/strong><\/h4>\n\n\n\n<div class=\"wpcf7 no-js\" id=\"wpcf7-f870-o1\" lang=\"fr-FR\" dir=\"ltr\">\n<div class=\"screen-reader-response\"><p role=\"status\" aria-live=\"polite\" aria-atomic=\"true\"><\/p> <ul><\/ul><\/div>\n<form action=\"\/apprentissage\/wp-json\/wp\/v2\/posts\/2397#wpcf7-f870-o1\" method=\"post\" class=\"wpcf7-form init\" aria-label=\"Formulaire de contact\" enctype=\"multipart\/form-data\" novalidate=\"novalidate\" data-status=\"init\">\n<div style=\"display: none;\">\n<input type=\"hidden\" name=\"_wpcf7\" value=\"870\" \/>\n<input type=\"hidden\" name=\"_wpcf7_version\" value=\"5.8.4\" \/>\n<input type=\"hidden\" name=\"_wpcf7_locale\" value=\"fr_FR\" \/>\n<input type=\"hidden\" name=\"_wpcf7_unit_tag\" value=\"wpcf7-f870-o1\" \/>\n<input type=\"hidden\" name=\"_wpcf7_container_post\" value=\"0\" \/>\n<input type=\"hidden\" name=\"_wpcf7_posted_data_hash\" value=\"\" \/>\n<\/div>\n<p><label> Merci de choisir la formation concern\u00e9e :<br \/>\n<span class=\"wpcf7-form-control-wrap\" data-name=\"listeformation\"><select class=\"wpcf7-form-control wpcf7-select wpcf7-validates-as-required\" aria-required=\"true\" aria-invalid=\"false\" name=\"listeformation\"><option value=\"\">&#8212;Veuillez choisir une option&#8212;<\/option><option value=\"BTS \u00c9LECTROTECHNIQUE\">BTS \u00c9LECTROTECHNIQUE<\/option><option value=\"BTS COMMUNICATION\">BTS COMMUNICATION<\/option><option value=\"BTS TOURISME\">BTS TOURISME<\/option><option value=\"RESPONSABLE MARKETING OP\u00c9RATIONNEL\">RESPONSABLE MARKETING OP\u00c9RATIONNEL<\/option><option value=\"TP TECHNICIEN D\u2019APRES-VENTE EN ELECTROMENAGER ET AUDIOVISUEL \u00c0 DOMICILE\">TP TECHNICIEN D\u2019APRES-VENTE EN ELECTROMENAGER ET AUDIOVISUEL \u00c0 DOMICILE<\/option><option value=\"TP SERVEUR(SE) EN RESTAURATION\">TP SERVEUR(SE) EN RESTAURATION<\/option><option value=\"TP SECR\u00c9TAIRE COMPTABLE\">TP SECR\u00c9TAIRE COMPTABLE<\/option><option value=\"TP SECR\u00c9TAIRE ASSISTANT M\u00c9DICO-SOCIAL\">TP SECR\u00c9TAIRE ASSISTANT M\u00c9DICO-SOCIAL<\/option><option value=\"TP SECR\u00c9TAIRE ASSISTANT.E\">TP SECR\u00c9TAIRE ASSISTANT.E<\/option><option value=\"MANAGER DE RAYON\">MANAGER DE RAYON<\/option><option value=\"TP CONSEILLER.\u00c8RE DE VENTE\">TP CONSEILLER.\u00c8RE DE VENTE<\/option><option value=\"TP CONCEPTEUR.RICE D\u00c9VELOPPEUR.SE D\u2019APPLICATIONS\">TP CONCEPTEUR.RICE D\u00c9VELOPPEUR.SE D\u2019APPLICATIONS<\/option><option value=\"TP ATTACH\u00c9.E COMMERCIAL.E\">TP ATTACH\u00c9.E COMMERCIAL.E<\/option><option value=\"TP ASSISTANT.E RESSOURCES HUMAINES\">TP ASSISTANT.E RESSOURCES HUMAINES<\/option><option value=\"TP ASSISTANT.E DE DIRECTION\">TP ASSISTANT.E DE DIRECTION<\/option><option value=\"TP ELECTRICIENT D\u2019EQUIPEMENT DU B\u00c2TIMENT\">TP ELECTRICIENT D\u2019EQUIPEMENT DU B\u00c2TIMENT<\/option><option value=\"AGENT MAGASINIER\">AGENT MAGASINIER<\/option><option value=\"TP TECHNICIEN SUP\u00c9RIEUR EN MAINTENANCE INDUSTRIELLE\">TP TECHNICIEN SUP\u00c9RIEUR EN MAINTENANCE INDUSTRIELLE<\/option><option value=\"TECHNICIEN.NE SYST\u00c8MES R\u00c9SEAUX S\u00c9CURIT\u00c9\">TECHNICIEN.NE SYST\u00c8MES R\u00c9SEAUX S\u00c9CURIT\u00c9<\/option><option value=\"RESPONSABLE DE SERVICE EN H\u00d4TELLERIE, TOURISME ET RESTAURATION\">RESPONSABLE DE SERVICE EN H\u00d4TELLERIE, TOURISME ET RESTAURATION<\/option><option value=\"RESPONSABLE D\u2019AFFAIRES EN IMMOBILIER\">RESPONSABLE D\u2019AFFAIRES EN IMMOBILIER<\/option><option value=\"RESPONSABLE EN LOGISTIQUE\">RESPONSABLE EN LOGISTIQUE<\/option><option value=\"MASTERE MANAGER DE LA STRAT\u00c9GIE MARKETING\">MASTERE MANAGER DE LA STRAT\u00c9GIE MARKETING<\/option><option value=\"MASTERE MANAGER EN RESSOURCES HUMAINES\">MASTERE MANAGER EN RESSOURCES HUMAINES<\/option><option value=\"MASTERE MANAGER DES AFFAIRES\">MASTERE MANAGER DES AFFAIRES<\/option><option value=\"MASTERE MANAGER DU D\u00c9VELOPPEMENT COMMERCIAL\">MASTERE MANAGER DU D\u00c9VELOPPEMENT COMMERCIAL<\/option><option value=\"CONTROLEUR DE GESTION\">CONTROLEUR DE GESTION<\/option><option value=\"TP CONSEILLER.IERE RELATION CLIENT \u00c0 DISTANCE\">TP CONSEILLER.IERE RELATION CLIENT \u00c0 DISTANCE<\/option><option value=\"BACHELOR CONSEILLER FINANCIER\">BACHELOR CONSEILLER FINANCIER<\/option><option value=\"COMMUNITY MANAGER\">COMMUNITY MANAGER<\/option><option value=\"COORDINATEUR.TRICE D\u2019INCLUSION SOCIALE, M\u00c9DICO-SOCIALE ET PROFESSIONNELLE\">COORDINATEUR.TRICE D\u2019INCLUSION SOCIALE, M\u00c9DICO-SOCIALE ET PROFESSIONNELLE<\/option><option value=\"CAP GLACIER FABRIQUANT\">CAP GLACIER FABRIQUANT<\/option><option value=\"BTS N\u00c9GOCIATION &amp; DIGITALISATION DE LA RELATION CLIENT\">BTS N\u00c9GOCIATION &amp; DIGITALISATION DE LA RELATION CLIENT<\/option><option value=\"BTS MANAGEMENT COMMERCIAL OP\u00c9RATIONNEL\">BTS MANAGEMENT COMMERCIAL OP\u00c9RATIONNEL<\/option><option value=\"BTS GESTION DES TRANSPORTS ET LOGISTIQUE ASSOCI\u00c9E\">BTS GESTION DES TRANSPORTS ET LOGISTIQUE ASSOCI\u00c9E<\/option><option value=\"BTS GESTION DE LA PME\">BTS GESTION DE LA PME<\/option><option value=\"BTS COMPTABILIT\u00c9 GESTION\">BTS COMPTABILIT\u00c9 GESTION<\/option><option value=\"BTS CYBERS\u00c9CURIT\u00c9, INFORMATIQUE ET R\u00c9SEAUX, \u00c9LECTRONIQUE \u2013 BTS CIEL\">BTS CYBERS\u00c9CURIT\u00c9, INFORMATIQUE ET R\u00c9SEAUX, \u00c9LECTRONIQUE \u2013 BTS CIEL<\/option><option value=\"BTS BANQUE, CONSEILLER DE CLIENT\u00c8LE\">BTS BANQUE, CONSEILLER DE CLIENT\u00c8LE<\/option><option value=\"BACHELOR CHARG\u00c9.E DES RESSOURCES HUMAINES\">BACHELOR CHARG\u00c9.E DES RESSOURCES HUMAINES<\/option><option value=\"BACHELOR CHARG\u00c9.E D\u2019AFFAIRES COMMERCIALES\">BACHELOR CHARG\u00c9.E D\u2019AFFAIRES COMMERCIALES<\/option><option value=\"BACHELOR BANQUE ET ASSURANCES\">BACHELOR BANQUE ET ASSURANCES<\/option><option value=\"RESPONSABLE D\u2019ENTREPRISE D\u2019\u00c9CONOMIE SOCIALE ET SOLIDAIRE\">RESPONSABLE D\u2019ENTREPRISE D\u2019\u00c9CONOMIE SOCIALE ET SOLIDAIRE<\/option><option value=\"TP BIM MODELEUR DU B\u00c2TIMENT\">TP BIM MODELEUR DU B\u00c2TIMENT<\/option><option value=\"TP CHEF(FE) DE CHANTIER TRAVAUX PUBLICS ROUTES ET CANALISATIONS\">TP CHEF(FE) DE CHANTIER TRAVAUX PUBLICS ROUTES ET CANALISATIONS<\/option><option value=\"TP MACON EN VOIRIE RESEAUX DIVERS\">TP MACON EN VOIRIE RESEAUX DIVERS<\/option><option value=\"TP COFFREUR BANCHEUR\">TP COFFREUR BANCHEUR<\/option><option value=\"TP TECHNICIEN EN LOGISTIQUE D\u2019ENTREPOSAGE\">TP TECHNICIEN EN LOGISTIQUE D\u2019ENTREPOSAGE<\/option><option value=\"RESPONSABLE LOGISTIQUE\">RESPONSABLE LOGISTIQUE<\/option><\/select><\/span><br \/>\n<\/label><br \/>\n<label> Votre nom (obligatoire)<br \/>\n<span class=\"wpcf7-form-control-wrap\" data-name=\"your-name\"><input size=\"40\" class=\"wpcf7-form-control wpcf7-text wpcf7-validates-as-required\" aria-required=\"true\" aria-invalid=\"false\" value=\"\" type=\"text\" name=\"your-name\" \/><\/span> <\/label>\n<\/p>\n<p><label> Votre Email (obligatoire)<br \/>\n<span class=\"wpcf7-form-control-wrap\" data-name=\"your-email\"><input size=\"40\" class=\"wpcf7-form-control wpcf7-email wpcf7-validates-as-required wpcf7-text wpcf7-validates-as-email\" aria-required=\"true\" aria-invalid=\"false\" value=\"\" type=\"email\" name=\"your-email\" \/><\/span> <\/label><br \/>\n<label> Votre t\u00e9l\u00e9phone <span class=\"wpcf7-form-control-wrap\" data-name=\"tel-704\"><input size=\"40\" class=\"wpcf7-form-control wpcf7-tel wpcf7-validates-as-required wpcf7-text wpcf7-validates-as-tel\" aria-required=\"true\" aria-invalid=\"false\" value=\"\" type=\"tel\" name=\"tel-704\" \/><\/span><\/label><br \/>\n<label> Objet<br \/>\n<span class=\"wpcf7-form-control-wrap\" data-name=\"your-subject\"><input size=\"40\" class=\"wpcf7-form-control wpcf7-text\" aria-invalid=\"false\" value=\"\" type=\"text\" name=\"your-subject\" \/><\/span> <\/label>\n<\/p>\n<p><label> Votre message<br \/>\n<span class=\"wpcf7-form-control-wrap\" data-name=\"your-message\"><textarea cols=\"40\" rows=\"10\" class=\"wpcf7-form-control wpcf7-textarea\" aria-invalid=\"false\" name=\"your-message\"><\/textarea><\/span> <\/label><br \/>\n<label> Vous pouvez nous envoyer votre CV si vous le souhaitez :<br \/>\n<span class=\"wpcf7-form-control-wrap\" data-name=\"file-707\"><input size=\"40\" class=\"wpcf7-form-control wpcf7-file\" accept=\"audio\/*,video\/*,image\/*\" aria-invalid=\"false\" type=\"file\" name=\"file-707\" \/><\/span> <\/label>\n<\/p>\n<p><input class=\"wpcf7-form-control wpcf7-submit has-spinner\" type=\"submit\" value=\"Envoyer\" \/>\n<\/p><p style=\"display: none !important;\"><label>&#916;<textarea name=\"_wpcf7_ak_hp_textarea\" cols=\"45\" rows=\"8\" maxlength=\"100\"><\/textarea><\/label><input type=\"hidden\" id=\"ak_js_1\" name=\"_wpcf7_ak_js\" value=\"114\"\/><script>document.getElementById( \"ak_js_1\" ).setAttribute( \"value\", ( new Date() ).getTime() );<\/script><\/p><div class=\"wpcf7-response-output\" aria-hidden=\"true\"><\/div>\n<\/form>\n<\/div>\n\n\n\n\n<p><\/p>\n\n\n\n<p><\/p>\n","protected":false},"excerpt":{"rendered":"<p>DETAILS 500HSUR 10 MOIS2 jours\/Semaine CERTIFICATIONTitre de Niveau 4 (BAC), enregistr\u00e9 et inscrit au R\u00e9pertoire National des CertificationsProfessionnelles.Code RNCP : 37098 enregistr\u00e9 le 25\/11\/2022Code Dipl\u00f4me Apprentissage : 43T31203 Lien France Comp\u00e9tences : https:\/\/www.francecompetences.fr\/recherche\/rncp\/37098 CONTACTSChristine GUENIOT 0690 48 26 500590 38 71 36 christine.gueniot@fore.fr Delphine PIERQUIN 0690 05 76 95 \/ 0590 38 22 78delphine.pierquin@fore.fr PR\u00c9REQUISUne &hellip; <\/p>\n<p class=\"link-more\"><a href=\"https:\/\/www.fore.fr\/apprentissage\/titre-professionnel-conseiller-vente\/\" class=\"more-link\">Continuer la lecture<span class=\"screen-reader-text\"> de &laquo;&nbsp;TP CONSEILLER.\u00c8RE DE VENTE&nbsp;&raquo;<\/span><\/a><\/p>\n","protected":false},"author":1,"featured_media":0,"comment_status":"closed","ping_status":"closed","sticky":false,"template":"","format":"standard","meta":{"footnotes":""},"categories":[5,41,24,17],"tags":[],"class_list":["post-2397","post","type-post","status-publish","format-standard","hentry","category-apprentissage","category-commerce-vente","category-niveau-4","category-titre-professionnel"],"yoast_head":"<!-- This site is optimized with the Yoast SEO plugin v21.6 - https:\/\/yoast.com\/wordpress\/plugins\/seo\/ -->\n<title>TP CONSEILLER.\u00c8RE DE VENTE - FORE ALTERNANCE<\/title>\n<meta name=\"description\" content=\"D\u00e9couvrez notre formation en apprentissage : TP CONSEILLER.\u00c8RE DE VENTE - FORE ALTERNANCE\" \/>\n<meta name=\"robots\" content=\"index, follow, max-snippet:-1, max-image-preview:large, max-video-preview:-1\" \/>\n<link rel=\"canonical\" href=\"https:\/\/www.fore.fr\/apprentissage\/titre-professionnel-conseiller-vente\/\" \/>\n<meta property=\"og:locale\" content=\"fr_FR\" \/>\n<meta property=\"og:type\" content=\"article\" \/>\n<meta property=\"og:title\" content=\"TP CONSEILLER.\u00c8RE DE VENTE - FORE ALTERNANCE\" \/>\n<meta property=\"og:description\" content=\"D\u00e9couvrez notre formation en apprentissage : TP CONSEILLER.\u00c8RE DE VENTE - FORE ALTERNANCE\" \/>\n<meta property=\"og:url\" content=\"https:\/\/www.fore.fr\/apprentissage\/titre-professionnel-conseiller-vente\/\" \/>\n<meta property=\"og:site_name\" content=\"FORE ALTERNANCE\" \/>\n<meta property=\"article:publisher\" content=\"https:\/\/www.facebook.com\/Fore97\" \/>\n<meta property=\"article:published_time\" content=\"2026-04-10T18:28:04+00:00\" \/>\n<meta property=\"article:modified_time\" content=\"2026-04-10T21:24:32+00:00\" \/>\n<meta name=\"author\" content=\"fore971\" \/>\n<meta name=\"twitter:card\" content=\"summary_large_image\" \/>\n<meta name=\"twitter:label1\" content=\"\u00c9crit par\" \/>\n\t<meta name=\"twitter:data1\" content=\"fore971\" \/>\n\t<meta name=\"twitter:label2\" content=\"Dur\u00e9e de lecture estim\u00e9e\" \/>\n\t<meta name=\"twitter:data2\" content=\"4 minutes\" \/>\n<script type=\"application\/ld+json\" class=\"yoast-schema-graph\">{\"@context\":\"https:\/\/schema.org\",\"@graph\":[{\"@type\":\"Article\",\"@id\":\"https:\/\/www.fore.fr\/apprentissage\/titre-professionnel-conseiller-vente\/#article\",\"isPartOf\":{\"@id\":\"https:\/\/www.fore.fr\/apprentissage\/titre-professionnel-conseiller-vente\/\"},\"author\":{\"name\":\"fore971\",\"@id\":\"https:\/\/www.fore.fr\/apprentissage\/#\/schema\/person\/f45be1acbe26dbf632745c675deec333\"},\"headline\":\"TP CONSEILLER.\u00c8RE DE VENTE\",\"datePublished\":\"2026-04-10T18:28:04+00:00\",\"dateModified\":\"2026-04-10T21:24:32+00:00\",\"mainEntityOfPage\":{\"@id\":\"https:\/\/www.fore.fr\/apprentissage\/titre-professionnel-conseiller-vente\/\"},\"wordCount\":659,\"publisher\":{\"@id\":\"https:\/\/www.fore.fr\/apprentissage\/#organization\"},\"articleSection\":[\"Apprentissage\",\"COMMERCE &amp; VENTE\",\"NIVEAU 4\",\"TITRE PROFESSIONNEL\"],\"inLanguage\":\"fr-FR\"},{\"@type\":\"WebPage\",\"@id\":\"https:\/\/www.fore.fr\/apprentissage\/titre-professionnel-conseiller-vente\/\",\"url\":\"https:\/\/www.fore.fr\/apprentissage\/titre-professionnel-conseiller-vente\/\",\"name\":\"TP CONSEILLER.\u00c8RE DE VENTE - FORE ALTERNANCE\",\"isPartOf\":{\"@id\":\"https:\/\/www.fore.fr\/apprentissage\/#website\"},\"datePublished\":\"2026-04-10T18:28:04+00:00\",\"dateModified\":\"2026-04-10T21:24:32+00:00\",\"description\":\"D\u00e9couvrez notre formation en apprentissage : TP CONSEILLER.\u00c8RE DE VENTE - FORE ALTERNANCE\",\"breadcrumb\":{\"@id\":\"https:\/\/www.fore.fr\/apprentissage\/titre-professionnel-conseiller-vente\/#breadcrumb\"},\"inLanguage\":\"fr-FR\",\"potentialAction\":[{\"@type\":\"ReadAction\",\"target\":[\"https:\/\/www.fore.fr\/apprentissage\/titre-professionnel-conseiller-vente\/\"]}]},{\"@type\":\"BreadcrumbList\",\"@id\":\"https:\/\/www.fore.fr\/apprentissage\/titre-professionnel-conseiller-vente\/#breadcrumb\",\"itemListElement\":[{\"@type\":\"ListItem\",\"position\":1,\"name\":\"Accueil\",\"item\":\"https:\/\/www.fore.fr\/apprentissage\/\"},{\"@type\":\"ListItem\",\"position\":2,\"name\":\"TP CONSEILLER.\u00c8RE DE VENTE\"}]},{\"@type\":\"WebSite\",\"@id\":\"https:\/\/www.fore.fr\/apprentissage\/#website\",\"url\":\"https:\/\/www.fore.fr\/apprentissage\/\",\"name\":\"FORE ALTERNANCE\",\"description\":\"D\u00c9COUVREZ NOTRE OFFRE DE FORMATION COMPL\u00c8TE EN APPRENTISSAGE &amp; PROFESSIONNALISATION !\",\"publisher\":{\"@id\":\"https:\/\/www.fore.fr\/apprentissage\/#organization\"},\"potentialAction\":[{\"@type\":\"SearchAction\",\"target\":{\"@type\":\"EntryPoint\",\"urlTemplate\":\"https:\/\/www.fore.fr\/apprentissage\/?s={search_term_string}\"},\"query-input\":\"required name=search_term_string\"}],\"inLanguage\":\"fr-FR\"},{\"@type\":\"Organization\",\"@id\":\"https:\/\/www.fore.fr\/apprentissage\/#organization\",\"name\":\"Fore\",\"url\":\"https:\/\/www.fore.fr\/apprentissage\/\",\"logo\":{\"@type\":\"ImageObject\",\"inLanguage\":\"fr-FR\",\"@id\":\"https:\/\/www.fore.fr\/apprentissage\/#\/schema\/logo\/image\/\",\"url\":\"\",\"contentUrl\":\"\",\"caption\":\"Fore\"},\"image\":{\"@id\":\"https:\/\/www.fore.fr\/apprentissage\/#\/schema\/logo\/image\/\"},\"sameAs\":[\"https:\/\/www.facebook.com\/Fore97\",\"https:\/\/www.instagram.com\/fore.formation\"]},{\"@type\":\"Person\",\"@id\":\"https:\/\/www.fore.fr\/apprentissage\/#\/schema\/person\/f45be1acbe26dbf632745c675deec333\",\"name\":\"fore971\",\"image\":{\"@type\":\"ImageObject\",\"inLanguage\":\"fr-FR\",\"@id\":\"https:\/\/www.fore.fr\/apprentissage\/#\/schema\/person\/image\/\",\"url\":\"https:\/\/secure.gravatar.com\/avatar\/e79e0dc4447cace26f00e3b41dc0f450?s=96&d=mm&r=g\",\"contentUrl\":\"https:\/\/secure.gravatar.com\/avatar\/e79e0dc4447cace26f00e3b41dc0f450?s=96&d=mm&r=g\",\"caption\":\"fore971\"},\"sameAs\":[\"https:\/\/migration.fore.fr\/apprentissage\"],\"url\":\"https:\/\/www.fore.fr\/apprentissage\/author\/fore971\/\"}]}<\/script>\n<!-- \/ Yoast SEO plugin. -->","yoast_head_json":{"title":"TP CONSEILLER.\u00c8RE DE VENTE - FORE ALTERNANCE","description":"D\u00e9couvrez notre formation en apprentissage : TP CONSEILLER.\u00c8RE DE VENTE - FORE ALTERNANCE","robots":{"index":"index","follow":"follow","max-snippet":"max-snippet:-1","max-image-preview":"max-image-preview:large","max-video-preview":"max-video-preview:-1"},"canonical":"https:\/\/www.fore.fr\/apprentissage\/titre-professionnel-conseiller-vente\/","og_locale":"fr_FR","og_type":"article","og_title":"TP CONSEILLER.\u00c8RE DE VENTE - FORE ALTERNANCE","og_description":"D\u00e9couvrez notre formation en apprentissage : TP CONSEILLER.\u00c8RE DE VENTE - FORE ALTERNANCE","og_url":"https:\/\/www.fore.fr\/apprentissage\/titre-professionnel-conseiller-vente\/","og_site_name":"FORE ALTERNANCE","article_publisher":"https:\/\/www.facebook.com\/Fore97","article_published_time":"2026-04-10T18:28:04+00:00","article_modified_time":"2026-04-10T21:24:32+00:00","author":"fore971","twitter_card":"summary_large_image","twitter_misc":{"\u00c9crit par":"fore971","Dur\u00e9e de lecture estim\u00e9e":"4 minutes"},"schema":{"@context":"https:\/\/schema.org","@graph":[{"@type":"Article","@id":"https:\/\/www.fore.fr\/apprentissage\/titre-professionnel-conseiller-vente\/#article","isPartOf":{"@id":"https:\/\/www.fore.fr\/apprentissage\/titre-professionnel-conseiller-vente\/"},"author":{"name":"fore971","@id":"https:\/\/www.fore.fr\/apprentissage\/#\/schema\/person\/f45be1acbe26dbf632745c675deec333"},"headline":"TP CONSEILLER.\u00c8RE DE VENTE","datePublished":"2026-04-10T18:28:04+00:00","dateModified":"2026-04-10T21:24:32+00:00","mainEntityOfPage":{"@id":"https:\/\/www.fore.fr\/apprentissage\/titre-professionnel-conseiller-vente\/"},"wordCount":659,"publisher":{"@id":"https:\/\/www.fore.fr\/apprentissage\/#organization"},"articleSection":["Apprentissage","COMMERCE &amp; VENTE","NIVEAU 4","TITRE PROFESSIONNEL"],"inLanguage":"fr-FR"},{"@type":"WebPage","@id":"https:\/\/www.fore.fr\/apprentissage\/titre-professionnel-conseiller-vente\/","url":"https:\/\/www.fore.fr\/apprentissage\/titre-professionnel-conseiller-vente\/","name":"TP CONSEILLER.\u00c8RE DE VENTE - FORE ALTERNANCE","isPartOf":{"@id":"https:\/\/www.fore.fr\/apprentissage\/#website"},"datePublished":"2026-04-10T18:28:04+00:00","dateModified":"2026-04-10T21:24:32+00:00","description":"D\u00e9couvrez notre formation en apprentissage : TP CONSEILLER.\u00c8RE DE VENTE - FORE ALTERNANCE","breadcrumb":{"@id":"https:\/\/www.fore.fr\/apprentissage\/titre-professionnel-conseiller-vente\/#breadcrumb"},"inLanguage":"fr-FR","potentialAction":[{"@type":"ReadAction","target":["https:\/\/www.fore.fr\/apprentissage\/titre-professionnel-conseiller-vente\/"]}]},{"@type":"BreadcrumbList","@id":"https:\/\/www.fore.fr\/apprentissage\/titre-professionnel-conseiller-vente\/#breadcrumb","itemListElement":[{"@type":"ListItem","position":1,"name":"Accueil","item":"https:\/\/www.fore.fr\/apprentissage\/"},{"@type":"ListItem","position":2,"name":"TP CONSEILLER.\u00c8RE DE VENTE"}]},{"@type":"WebSite","@id":"https:\/\/www.fore.fr\/apprentissage\/#website","url":"https:\/\/www.fore.fr\/apprentissage\/","name":"FORE ALTERNANCE","description":"D\u00c9COUVREZ NOTRE OFFRE DE FORMATION COMPL\u00c8TE EN APPRENTISSAGE &amp; PROFESSIONNALISATION !","publisher":{"@id":"https:\/\/www.fore.fr\/apprentissage\/#organization"},"potentialAction":[{"@type":"SearchAction","target":{"@type":"EntryPoint","urlTemplate":"https:\/\/www.fore.fr\/apprentissage\/?s={search_term_string}"},"query-input":"required name=search_term_string"}],"inLanguage":"fr-FR"},{"@type":"Organization","@id":"https:\/\/www.fore.fr\/apprentissage\/#organization","name":"Fore","url":"https:\/\/www.fore.fr\/apprentissage\/","logo":{"@type":"ImageObject","inLanguage":"fr-FR","@id":"https:\/\/www.fore.fr\/apprentissage\/#\/schema\/logo\/image\/","url":"","contentUrl":"","caption":"Fore"},"image":{"@id":"https:\/\/www.fore.fr\/apprentissage\/#\/schema\/logo\/image\/"},"sameAs":["https:\/\/www.facebook.com\/Fore97","https:\/\/www.instagram.com\/fore.formation"]},{"@type":"Person","@id":"https:\/\/www.fore.fr\/apprentissage\/#\/schema\/person\/f45be1acbe26dbf632745c675deec333","name":"fore971","image":{"@type":"ImageObject","inLanguage":"fr-FR","@id":"https:\/\/www.fore.fr\/apprentissage\/#\/schema\/person\/image\/","url":"https:\/\/secure.gravatar.com\/avatar\/e79e0dc4447cace26f00e3b41dc0f450?s=96&d=mm&r=g","contentUrl":"https:\/\/secure.gravatar.com\/avatar\/e79e0dc4447cace26f00e3b41dc0f450?s=96&d=mm&r=g","caption":"fore971"},"sameAs":["https:\/\/migration.fore.fr\/apprentissage"],"url":"https:\/\/www.fore.fr\/apprentissage\/author\/fore971\/"}]}},"_links":{"self":[{"href":"https:\/\/www.fore.fr\/apprentissage\/wp-json\/wp\/v2\/posts\/2397"}],"collection":[{"href":"https:\/\/www.fore.fr\/apprentissage\/wp-json\/wp\/v2\/posts"}],"about":[{"href":"https:\/\/www.fore.fr\/apprentissage\/wp-json\/wp\/v2\/types\/post"}],"author":[{"embeddable":true,"href":"https:\/\/www.fore.fr\/apprentissage\/wp-json\/wp\/v2\/users\/1"}],"replies":[{"embeddable":true,"href":"https:\/\/www.fore.fr\/apprentissage\/wp-json\/wp\/v2\/comments?post=2397"}],"version-history":[{"count":12,"href":"https:\/\/www.fore.fr\/apprentissage\/wp-json\/wp\/v2\/posts\/2397\/revisions"}],"predecessor-version":[{"id":8916,"href":"https:\/\/www.fore.fr\/apprentissage\/wp-json\/wp\/v2\/posts\/2397\/revisions\/8916"}],"wp:attachment":[{"href":"https:\/\/www.fore.fr\/apprentissage\/wp-json\/wp\/v2\/media?parent=2397"}],"wp:term":[{"taxonomy":"category","embeddable":true,"href":"https:\/\/www.fore.fr\/apprentissage\/wp-json\/wp\/v2\/categories?post=2397"},{"taxonomy":"post_tag","embeddable":true,"href":"https:\/\/www.fore.fr\/apprentissage\/wp-json\/wp\/v2\/tags?post=2397"}],"curies":[{"name":"wp","href":"https:\/\/api.w.org\/{rel}","templated":true}]}}