{"id":5817,"date":"2026-04-10T20:26:15","date_gmt":"2026-04-10T18:26:15","guid":{"rendered":"https:\/\/www.fore.fr\/apprentissage\/?p=5817"},"modified":"2026-04-10T20:26:16","modified_gmt":"2026-04-10T18:26:16","slug":"bachelor-charge-affaires-commerciales","status":"publish","type":"post","link":"https:\/\/www.fore.fr\/apprentissage\/bachelor-charge-affaires-commerciales\/","title":{"rendered":"CHARG\u00c9.E D\u2019AFFAIRES COMMERCIALES"},"content":{"rendered":"\n<h4 class=\"wp-block-heading has-text-align-center has-white-color has-black-background-color has-text-color has-background\" id=\"programme-1\"><br><strong>DETAILS<\/strong><\/h4>\n\n\n\n<div class=\"wp-block-columns is-layout-flex wp-container-core-columns-is-layout-1 wp-block-columns-is-layout-flex\">\n<div class=\"wp-block-column is-vertically-aligned-top is-layout-flow wp-block-column-is-layout-flow\">\n<p class=\"has-white-color has-text-color has-background\" style=\"background-color:#e4032c\"><strong>455H<\/strong><br><strong>SUR 1 AN<\/strong><br><strong>2 jours\/Semaine<\/strong><\/p>\n\n\n\n<p class=\"has-small-font-size\"><strong>CERTIFICATION<\/strong><br>Certification Professionnelle de niveau 6 (EU) d\u00e9livr\u00e9e par TALIS COMPETENCES ET CERTIFICATIONS, enregistr\u00e9e et inscrite au R\u00e9pertoire. National des Certifications<br>Professionnelles.<br>Code RNCP : 38830 enregistr\u00e9 le 27\/03\/2024<br>Code Dipl\u00f4me Apprentissage : 26X31216<br>Code NSF : 312<\/p>\n\n\n\n<figure class=\"wp-block-table has-small-font-size\"><table class=\"has-vivid-red-color has-text-color\"><tbody><tr><td><strong>Lien France Comp\u00e9tences : <\/strong><a href=\"https:\/\/www.francecompetences.fr\/recherche\/rncp\/38830\" target=\"_blank\" rel=\"noreferrer noopener\"><strong>https:\/\/www.francecompetences.fr\/<br>recherche\/rncp\/38830<\/strong><\/a><\/td><\/tr><\/tbody><\/table><\/figure>\n<\/div>\n\n\n\n<div class=\"wp-block-column is-vertically-aligned-center is-layout-flow wp-block-column-is-layout-flow\">\n<p><strong>CONTACTS<\/strong><br><strong>Christine GUENIOT <\/strong><br>0690 48 26 50<br>0590 38 71 36<strong> <\/strong><br><a href=\"mailto:christine.gueniot@fore.fr\">christine.gueniot@fore.fr<\/a> <br><strong>Delphine PIERQUIN<\/strong><br>0690 05 76 95<br>0590 38 22 78<br><a href=\"mailto:delphine.pierquin@fore.fr\">delphine.pierquin@fore.fr<\/a><\/p>\n<\/div>\n<\/div>\n\n\n\n<hr class=\"wp-block-separator has-css-opacity\"\/>\n\n\n\n<div data-wp-interactive=\"core\/file\" class=\"wp-block-file\"><object data-wp-bind--hidden=\"!state.hasPdfPreview\"  class=\"wp-block-file__embed\" data=\"https:\/\/www.fore.fr\/apprentissage\/wp-content\/uploads\/2025\/06\/A4-BACHELOR-CHARGE-AFFAIRES-COMMERCIALES.pdf\" type=\"application\/pdf\" style=\"width:100%;height:600px\" aria-label=\"Contenu embarqu\u00e9 A4-BACHELOR-CHARGE-AFFAIRES-COMMERCIALES.\"><\/object><a id=\"wp-block-file--media-388f2d06-6dd9-45ff-8164-d1479335b871\" href=\"https:\/\/www.fore.fr\/apprentissage\/wp-content\/uploads\/2025\/06\/A4-BACHELOR-CHARGE-AFFAIRES-COMMERCIALES.pdf\" target=\"_blank\" rel=\"noreferrer noopener\">A4-BACHELOR-CHARGE-AFFAIRES-COMMERCIALES<\/a><a href=\"https:\/\/www.fore.fr\/apprentissage\/wp-content\/uploads\/2025\/06\/A4-BACHELOR-CHARGE-AFFAIRES-COMMERCIALES.pdf\" class=\"wp-block-file__button wp-element-button\" download aria-describedby=\"wp-block-file--media-388f2d06-6dd9-45ff-8164-d1479335b871\">T\u00e9l\u00e9charger<\/a><\/div>\n\n\n\n<p class=\"has-black-color has-text-color\"><strong><span style=\"color: &quot;red;\">PR\u00c9REQUIS<\/span><\/strong><br>Soit \u00eatre titulaire d\u2019un niveau 5 (EU) \/ 120 ECTS, id\u00e9alement mais pas exclusivement dans une fili\u00e8re \u00e0 dominante commerciale, marketing, communication ou gestion, soit se pr\u00e9valoir d\u2019une exp\u00e9rience professionnelle \u00e9quivalente dans des fonctions commerciales et\/ou de gestion, marketing, communication, et pouvoir, de ce fait, acc\u00e9der \u00e0 la formation par un dossier de VAPP (Validation des Acquis Professionnels et Personnels) valid\u00e9 par le<br>certificateur. \u00bb<\/p>\n\n\n\n<p class=\"has-black-color has-text-color\"><strong>M\u00c9THODES P\u00c9DAGOGIQUES :<\/strong><br>M\u00e9thodes Actives et Participative : Apports op\u00e9rationnels par des sp\u00e9cialistes du secteur. Mise en situation. Travaux dirig\u00e9s. Etudes de cas. Pr\u00e9sentiel \/ Distanciel.<\/p>\n\n\n\n<p class=\"has-black-color has-text-color\"><strong>MOYENS P\u00c9DAGOGIQUES :<\/strong><br>Salle informatique connect\u00e9e Internet (fibre optique) \u2013 Documentations sur plateforme informatique. TEAMS. Vid\u00e9o projecteur. Mat\u00e9riel en salle de formation.<\/p>\n\n\n\n<p><strong>SUIVI ET \u00c9VALUATIONS : <\/strong>Contr\u00f4les continus et \u00e9tudes de cas pratiques sont r\u00e9alis\u00e9es. Le contenu est \u00e9labor\u00e9 \u00e0 partir du r\u00e9f\u00e9rentiel du dipl\u00f4me consultable sur le RNCP. Une progression p\u00e9dagogique est remise par chaque formateur. Un classeur p\u00e9dagogique permet de suivre le d\u00e9roulement de la formation en conformit\u00e9 avec le r\u00e9f\u00e9rentiel. TEAMS permet de t\u00e9l\u00e9charger les cours et de recevoir toutes les informations inh\u00e9rentes \u00e0 la formation.<\/p>\n\n\n\n<h4 class=\"wp-block-heading has-text-align-center has-white-color has-text-color has-background\" id=\"programme-1\" style=\"background-color:#e4032c\"><strong>PROGRAMME<\/strong><\/h4>\n\n\n\n<div class=\"wp-block-columns is-layout-flex wp-container-core-columns-is-layout-2 wp-block-columns-is-layout-flex\">\n<div class=\"wp-block-column is-layout-flow wp-block-column-is-layout-flow\">\n<p class=\"has-small-font-size\"><strong>Pr\u00e9parer le plan de d\u00e9veloppement commercial omnicanal<\/strong><br>\u2022 Concevoir une veille commerciale<br>\u25aa \u00c9tablir un diagnostic commercial omnicanal interne<br>\u25aa Pr\u00e9parer les actions commerciales omnicanales<br>\u25aa Organiser le plan de d\u00e9veloppement commercial omnicanal<\/p>\n\n\n\n<p class=\"has-small-font-size\"><strong>G\u00e9rer les activit\u00e9s commerciales omnicanales<\/strong><br>\u2022 Animer le r\u00e9seau de partenaires physique et digital<br>\u2022 Finaliser la transaction commerciale<br>\u2022 Maitriser les bases d\u2019une communication digitale r\u00e9ussie<br>\u2022 R\u00e9diger les argumentaires commerciaux<br>\u2022 N\u00e9gocier les affaires en tenant compte des conditions de r\u00e9alisation impos\u00e9es<br>\u2022 Evaluer les r\u00e9sultats des actions commerciales omnicanales<br>\u2022 Analyser les r\u00e9sultats commerciaux en les comparant au plan d\u2019actions commercial<br>\u2022 Ajuster le d\u00e9ploiement d\u2019un parcours client adapt\u00e9 \u00e0 la diversit\u00e9 des consommateurs et inclusif<\/p>\n<\/div>\n\n\n\n<div class=\"wp-block-column is-layout-flow wp-block-column-is-layout-flow\">\n<p class=\"has-small-font-size\"><strong>Coordonner une \u00e9quipe commerciale<\/strong><br>\u2022 Organiser le travail d\u2019une \u00e9quipe commerciale<br>\u2022 Animer une \u00e9quipe commerciale<br>\u2022 Evaluer les performances individuelles et collectives de l\u2019\u00e9quipe commerciale<br>\u2022 Accompagner au d\u00e9veloppement des comp\u00e9tences de l\u2019\u00e9quipe commerciale<\/p>\n\n\n\n<p class=\"has-small-font-size\"><strong>Enseignements Compl\u00e9mentaires<\/strong><br>\u2022 Anglais<br>\u2022 Prise de parole en public<br>\u2022 Linkedin et R\u00e9seaux<br>\u2022 Accompagnement \u00e0 la recherche d\u2019entreprise<\/p>\n<\/div>\n<\/div>\n\n\n\n<h4 class=\"wp-block-heading has-text-align-center has-white-color has-text-color has-background\" id=\"programme-1\" style=\"background-color:#e4032c\"><strong>SP\u00c9CIALIT\u00c9S : INTERNATIONAL BUSINESS \/ MANAGEMENT ET ENTREPRENEURIAT<\/strong><\/h4>\n\n\n\n<div class=\"wp-block-columns is-layout-flex wp-container-core-columns-is-layout-3 wp-block-columns-is-layout-flex\">\n<div class=\"wp-block-column is-layout-flow wp-block-column-is-layout-flow\">\n<p class=\"has-small-font-size\"><strong>Sp\u00e9cialit\u00e9 International Business<\/strong><br>\u2022 Commerce international<br>\u2022 \u00c9tablir et d\u00e9ployer un parcours client adapt\u00e9<br>\u2022 Optimiser la distribution et le merchandising<br>\u2022 Tableaux de bord<br>\u2022 Interpr\u00e9tation des \u00e9tats financiers<br><br><strong>Sp\u00e9cialit\u00e9 Communication Digitale<\/strong><br>\u2022 D\u00e9velopper la visibilit\u00e9 digitale d&rsquo;une entreprise pour soutenir l&rsquo;activit\u00e9 commerciale<br>\u2022 Mettre en place des strat\u00e9gies d&rsquo;acquisition et de conversion digitale.<br>\u2022 Concevoir des campagnes de prospection et de fid\u00e9lisation en ligne<br>\u2022 Utiliser les r\u00e9seaux sociaux pour g\u00e9n\u00e9rer des leads et renforcer la relation client<br>\u2022 Cr\u00e9er des contenus marketing adapt\u00e9s aux cibles commerciales<\/p>\n<\/div>\n\n\n\n<div class=\"wp-block-column is-layout-flow wp-block-column-is-layout-flow\">\n<p class=\"has-small-font-size\"><strong>Sp\u00e9cialit\u00e9 Management et Entrepreneuriat<\/strong><br>\u2022 Organiser et animer le travail de son \u00e9quipe<br>\u00e0 distance et en pr\u00e9sentiel<br>\u2022 G\u00e9rer la diversit\u00e9 et l\u2019interculturel<br>\u2022 Les principes de la gestion de projet<br>\u2022 Le droit de la personne dans le monde professionnel<\/p>\n<\/div>\n<\/div>\n\n\n\n<p class=\"has-text-align-center has-white-color has-text-color has-background\" style=\"background-color:#e4032c\"><strong>POURSUITE D&rsquo;\u00c9TUDES<\/strong><\/p>\n\n\n\n<ul class=\"wp-block-list\">\n<li>MAST\u00c8RE MANAGER DE LA STRAT\u00c9GIE MARKETING<\/li>\n\n\n\n<li>MAST\u00c8RE MANAGER DU D\u00c9VELOPPEMENT COMMERCIAL<\/li>\n<\/ul>\n\n\n\n<h4 class=\"wp-block-heading has-text-align-center has-white-color has-text-color has-background\" id=\"programme-1\" style=\"background-color:#e4032c\"><strong>PERSPECTIVES D&rsquo;EMPLOI<\/strong><\/h4>\n\n\n\n<p>\u2022 Conseiller(\u00e8re) commercial(le)<br>\u2022 Business developer<br>\u2022 Adjoint responsable export<br>\u2022 Charg\u00e9(e) de d\u00e9veloppement commercial<br>\u2022 Charg\u00e9(e) de projet<br>\u2022 D\u00e9l\u00e9gu\u00e9(e) r\u00e9gional des Ventes<br>\u2022 Content manager<br>\u2022 Responsable de rayon<\/p>\n\n\n\n<h4 class=\"wp-block-heading has-text-align-center has-white-color has-text-color has-background\" id=\"programme-1\" style=\"background-color:#e4032c\"><strong>JE SOUHAITE M&rsquo;INSCRIRE A CETTE FORMATION<\/strong><\/h4>\n\n\n\n<div class=\"wpcf7 no-js\" id=\"wpcf7-f870-o1\" lang=\"fr-FR\" dir=\"ltr\">\n<div class=\"screen-reader-response\"><p role=\"status\" aria-live=\"polite\" aria-atomic=\"true\"><\/p> <ul><\/ul><\/div>\n<form action=\"\/apprentissage\/wp-json\/wp\/v2\/posts\/5817#wpcf7-f870-o1\" method=\"post\" class=\"wpcf7-form init\" aria-label=\"Formulaire de contact\" enctype=\"multipart\/form-data\" novalidate=\"novalidate\" data-status=\"init\">\n<div style=\"display: none;\">\n<input type=\"hidden\" name=\"_wpcf7\" value=\"870\" \/>\n<input type=\"hidden\" name=\"_wpcf7_version\" value=\"5.8.4\" \/>\n<input type=\"hidden\" name=\"_wpcf7_locale\" value=\"fr_FR\" \/>\n<input type=\"hidden\" name=\"_wpcf7_unit_tag\" value=\"wpcf7-f870-o1\" \/>\n<input type=\"hidden\" name=\"_wpcf7_container_post\" value=\"0\" \/>\n<input type=\"hidden\" name=\"_wpcf7_posted_data_hash\" value=\"\" \/>\n<\/div>\n<p><label> Merci de choisir la formation concern\u00e9e :<br \/>\n<span class=\"wpcf7-form-control-wrap\" data-name=\"listeformation\"><select class=\"wpcf7-form-control wpcf7-select wpcf7-validates-as-required\" aria-required=\"true\" aria-invalid=\"false\" name=\"listeformation\"><option value=\"\">&#8212;Veuillez choisir une option&#8212;<\/option><option value=\"BTS \u00c9LECTROTECHNIQUE\">BTS \u00c9LECTROTECHNIQUE<\/option><option value=\"BTS COMMUNICATION\">BTS COMMUNICATION<\/option><option value=\"BTS TOURISME\">BTS TOURISME<\/option><option value=\"RESPONSABLE MARKETING OP\u00c9RATIONNEL\">RESPONSABLE MARKETING OP\u00c9RATIONNEL<\/option><option value=\"TP TECHNICIEN D\u2019APRES-VENTE EN ELECTROMENAGER ET AUDIOVISUEL \u00c0 DOMICILE\">TP TECHNICIEN D\u2019APRES-VENTE EN ELECTROMENAGER ET AUDIOVISUEL \u00c0 DOMICILE<\/option><option value=\"TP SERVEUR(SE) EN RESTAURATION\">TP SERVEUR(SE) EN RESTAURATION<\/option><option value=\"TP SECR\u00c9TAIRE COMPTABLE\">TP SECR\u00c9TAIRE COMPTABLE<\/option><option value=\"TP SECR\u00c9TAIRE ASSISTANT M\u00c9DICO-SOCIAL\">TP SECR\u00c9TAIRE ASSISTANT M\u00c9DICO-SOCIAL<\/option><option value=\"TP SECR\u00c9TAIRE ASSISTANT.E\">TP SECR\u00c9TAIRE ASSISTANT.E<\/option><option value=\"MANAGER DE RAYON\">MANAGER DE RAYON<\/option><option value=\"TP CONSEILLER.\u00c8RE DE VENTE\">TP CONSEILLER.\u00c8RE DE VENTE<\/option><option value=\"TP CONCEPTEUR.RICE D\u00c9VELOPPEUR.SE D\u2019APPLICATIONS\">TP CONCEPTEUR.RICE D\u00c9VELOPPEUR.SE D\u2019APPLICATIONS<\/option><option value=\"TP ATTACH\u00c9.E COMMERCIAL.E\">TP ATTACH\u00c9.E COMMERCIAL.E<\/option><option value=\"TP ASSISTANT.E RESSOURCES HUMAINES\">TP ASSISTANT.E RESSOURCES HUMAINES<\/option><option value=\"TP ASSISTANT.E DE DIRECTION\">TP ASSISTANT.E DE DIRECTION<\/option><option value=\"TP ELECTRICIENT D\u2019EQUIPEMENT DU B\u00c2TIMENT\">TP ELECTRICIENT D\u2019EQUIPEMENT DU B\u00c2TIMENT<\/option><option value=\"AGENT MAGASINIER\">AGENT MAGASINIER<\/option><option value=\"TP TECHNICIEN SUP\u00c9RIEUR EN MAINTENANCE INDUSTRIELLE\">TP TECHNICIEN SUP\u00c9RIEUR EN MAINTENANCE INDUSTRIELLE<\/option><option value=\"TECHNICIEN.NE SYST\u00c8MES R\u00c9SEAUX S\u00c9CURIT\u00c9\">TECHNICIEN.NE SYST\u00c8MES R\u00c9SEAUX S\u00c9CURIT\u00c9<\/option><option value=\"RESPONSABLE DE SERVICE EN H\u00d4TELLERIE, TOURISME ET RESTAURATION\">RESPONSABLE DE SERVICE EN H\u00d4TELLERIE, TOURISME ET RESTAURATION<\/option><option value=\"RESPONSABLE D\u2019AFFAIRES EN IMMOBILIER\">RESPONSABLE D\u2019AFFAIRES EN IMMOBILIER<\/option><option value=\"RESPONSABLE EN LOGISTIQUE\">RESPONSABLE EN LOGISTIQUE<\/option><option value=\"MASTERE MANAGER DE LA STRAT\u00c9GIE MARKETING\">MASTERE MANAGER DE LA STRAT\u00c9GIE MARKETING<\/option><option value=\"MASTERE MANAGER EN RESSOURCES HUMAINES\">MASTERE MANAGER EN RESSOURCES HUMAINES<\/option><option value=\"MASTERE MANAGER DES AFFAIRES\">MASTERE MANAGER DES AFFAIRES<\/option><option value=\"MASTERE MANAGER DU D\u00c9VELOPPEMENT COMMERCIAL\">MASTERE MANAGER DU D\u00c9VELOPPEMENT COMMERCIAL<\/option><option value=\"CONTROLEUR DE GESTION\">CONTROLEUR DE GESTION<\/option><option value=\"TP CONSEILLER.IERE RELATION CLIENT \u00c0 DISTANCE\">TP CONSEILLER.IERE RELATION CLIENT \u00c0 DISTANCE<\/option><option value=\"BACHELOR CONSEILLER FINANCIER\">BACHELOR CONSEILLER FINANCIER<\/option><option value=\"COMMUNITY MANAGER\">COMMUNITY MANAGER<\/option><option value=\"COORDINATEUR.TRICE D\u2019INCLUSION SOCIALE, M\u00c9DICO-SOCIALE ET PROFESSIONNELLE\">COORDINATEUR.TRICE D\u2019INCLUSION SOCIALE, M\u00c9DICO-SOCIALE ET PROFESSIONNELLE<\/option><option value=\"CAP GLACIER FABRIQUANT\">CAP GLACIER FABRIQUANT<\/option><option value=\"BTS N\u00c9GOCIATION &amp; DIGITALISATION DE LA RELATION CLIENT\">BTS N\u00c9GOCIATION &amp; DIGITALISATION DE LA RELATION CLIENT<\/option><option value=\"BTS MANAGEMENT COMMERCIAL OP\u00c9RATIONNEL\">BTS MANAGEMENT COMMERCIAL OP\u00c9RATIONNEL<\/option><option value=\"BTS GESTION DES TRANSPORTS ET LOGISTIQUE ASSOCI\u00c9E\">BTS GESTION DES TRANSPORTS ET LOGISTIQUE ASSOCI\u00c9E<\/option><option value=\"BTS GESTION DE LA PME\">BTS GESTION DE LA PME<\/option><option value=\"BTS COMPTABILIT\u00c9 GESTION\">BTS COMPTABILIT\u00c9 GESTION<\/option><option value=\"BTS CYBERS\u00c9CURIT\u00c9, INFORMATIQUE ET R\u00c9SEAUX, \u00c9LECTRONIQUE \u2013 BTS CIEL\">BTS CYBERS\u00c9CURIT\u00c9, INFORMATIQUE ET R\u00c9SEAUX, \u00c9LECTRONIQUE \u2013 BTS CIEL<\/option><option value=\"BTS BANQUE, CONSEILLER DE CLIENT\u00c8LE\">BTS BANQUE, CONSEILLER DE CLIENT\u00c8LE<\/option><option value=\"BACHELOR CHARG\u00c9.E DES RESSOURCES HUMAINES\">BACHELOR CHARG\u00c9.E DES RESSOURCES HUMAINES<\/option><option value=\"BACHELOR CHARG\u00c9.E D\u2019AFFAIRES COMMERCIALES\">BACHELOR CHARG\u00c9.E D\u2019AFFAIRES COMMERCIALES<\/option><option value=\"BACHELOR BANQUE ET ASSURANCES\">BACHELOR BANQUE ET ASSURANCES<\/option><option value=\"RESPONSABLE D\u2019ENTREPRISE D\u2019\u00c9CONOMIE SOCIALE ET SOLIDAIRE\">RESPONSABLE D\u2019ENTREPRISE D\u2019\u00c9CONOMIE SOCIALE ET SOLIDAIRE<\/option><option value=\"TP BIM MODELEUR DU B\u00c2TIMENT\">TP BIM MODELEUR DU B\u00c2TIMENT<\/option><option value=\"TP CHEF(FE) DE CHANTIER TRAVAUX PUBLICS ROUTES ET CANALISATIONS\">TP CHEF(FE) DE CHANTIER TRAVAUX PUBLICS ROUTES ET CANALISATIONS<\/option><option value=\"TP MACON EN VOIRIE RESEAUX DIVERS\">TP MACON EN VOIRIE RESEAUX DIVERS<\/option><option value=\"TP COFFREUR BANCHEUR\">TP COFFREUR BANCHEUR<\/option><option value=\"TP TECHNICIEN EN LOGISTIQUE D\u2019ENTREPOSAGE\">TP TECHNICIEN EN LOGISTIQUE D\u2019ENTREPOSAGE<\/option><option value=\"RESPONSABLE LOGISTIQUE\">RESPONSABLE LOGISTIQUE<\/option><\/select><\/span><br \/>\n<\/label><br \/>\n<label> Votre nom (obligatoire)<br \/>\n<span class=\"wpcf7-form-control-wrap\" data-name=\"your-name\"><input size=\"40\" class=\"wpcf7-form-control wpcf7-text wpcf7-validates-as-required\" aria-required=\"true\" aria-invalid=\"false\" value=\"\" type=\"text\" name=\"your-name\" \/><\/span> <\/label>\n<\/p>\n<p><label> Votre Email (obligatoire)<br \/>\n<span class=\"wpcf7-form-control-wrap\" data-name=\"your-email\"><input size=\"40\" class=\"wpcf7-form-control wpcf7-email wpcf7-validates-as-required wpcf7-text wpcf7-validates-as-email\" aria-required=\"true\" aria-invalid=\"false\" value=\"\" type=\"email\" name=\"your-email\" \/><\/span> <\/label><br \/>\n<label> Votre t\u00e9l\u00e9phone <span class=\"wpcf7-form-control-wrap\" data-name=\"tel-704\"><input size=\"40\" class=\"wpcf7-form-control wpcf7-tel wpcf7-validates-as-required wpcf7-text wpcf7-validates-as-tel\" aria-required=\"true\" aria-invalid=\"false\" value=\"\" type=\"tel\" name=\"tel-704\" \/><\/span><\/label><br \/>\n<label> Objet<br \/>\n<span class=\"wpcf7-form-control-wrap\" data-name=\"your-subject\"><input size=\"40\" class=\"wpcf7-form-control wpcf7-text\" aria-invalid=\"false\" value=\"\" type=\"text\" name=\"your-subject\" \/><\/span> <\/label>\n<\/p>\n<p><label> Votre message<br \/>\n<span class=\"wpcf7-form-control-wrap\" data-name=\"your-message\"><textarea cols=\"40\" rows=\"10\" class=\"wpcf7-form-control wpcf7-textarea\" aria-invalid=\"false\" name=\"your-message\"><\/textarea><\/span> <\/label><br \/>\n<label> Vous pouvez nous envoyer votre CV si vous le souhaitez :<br \/>\n<span class=\"wpcf7-form-control-wrap\" data-name=\"file-707\"><input size=\"40\" class=\"wpcf7-form-control wpcf7-file\" accept=\"audio\/*,video\/*,image\/*\" aria-invalid=\"false\" type=\"file\" name=\"file-707\" \/><\/span> <\/label>\n<\/p>\n<p><input class=\"wpcf7-form-control wpcf7-submit has-spinner\" type=\"submit\" value=\"Envoyer\" \/>\n<\/p><p style=\"display: none !important;\"><label>&#916;<textarea name=\"_wpcf7_ak_hp_textarea\" cols=\"45\" rows=\"8\" maxlength=\"100\"><\/textarea><\/label><input type=\"hidden\" id=\"ak_js_1\" name=\"_wpcf7_ak_js\" value=\"203\"\/><script>document.getElementById( \"ak_js_1\" ).setAttribute( \"value\", ( new Date() ).getTime() );<\/script><\/p><div class=\"wpcf7-response-output\" aria-hidden=\"true\"><\/div>\n<\/form>\n<\/div>\n\n\n\n\n<p><\/p>\n\n\n\n<p><\/p>\n","protected":false},"excerpt":{"rendered":"<p>DETAILS 455HSUR 1 AN2 jours\/Semaine CERTIFICATIONCertification Professionnelle de niveau 6 (EU) d\u00e9livr\u00e9e par TALIS COMPETENCES ET CERTIFICATIONS, enregistr\u00e9e et inscrite au R\u00e9pertoire. National des CertificationsProfessionnelles.Code RNCP : 38830 enregistr\u00e9 le 27\/03\/2024Code Dipl\u00f4me Apprentissage : 26X31216Code NSF : 312 Lien France Comp\u00e9tences : https:\/\/www.francecompetences.fr\/recherche\/rncp\/38830 CONTACTSChristine GUENIOT 0690 48 26 500590 38 71 36 christine.gueniot@fore.fr Delphine PIERQUIN0690 &hellip; <\/p>\n<p class=\"link-more\"><a href=\"https:\/\/www.fore.fr\/apprentissage\/bachelor-charge-affaires-commerciales\/\" class=\"more-link\">Continuer la lecture<span class=\"screen-reader-text\"> de &laquo;&nbsp;CHARG\u00c9.E D\u2019AFFAIRES COMMERCIALES&nbsp;&raquo;<\/span><\/a><\/p>\n","protected":false},"author":1,"featured_media":0,"comment_status":"closed","ping_status":"open","sticky":false,"template":"","format":"standard","meta":{"footnotes":""},"categories":[5,41,26],"tags":[],"class_list":["post-5817","post","type-post","status-publish","format-standard","hentry","category-apprentissage","category-commerce-vente","category-niveau-6"],"yoast_head":"<!-- This site is optimized with the Yoast SEO plugin v21.6 - https:\/\/yoast.com\/wordpress\/plugins\/seo\/ -->\n<title>CHARG\u00c9.E D\u2019AFFAIRES COMMERCIALES - FORE ALTERNANCE<\/title>\n<meta name=\"description\" content=\"FORE ALTERNANCE - D\u00e9couvrez notre offre de formation compl\u00e8te en distanciel !\" \/>\n<meta name=\"robots\" content=\"index, follow, max-snippet:-1, max-image-preview:large, max-video-preview:-1\" \/>\n<link rel=\"canonical\" href=\"https:\/\/www.fore.fr\/apprentissage\/bachelor-charge-affaires-commerciales\/\" \/>\n<meta property=\"og:locale\" content=\"fr_FR\" \/>\n<meta property=\"og:type\" content=\"article\" \/>\n<meta property=\"og:title\" content=\"CHARG\u00c9.E D\u2019AFFAIRES COMMERCIALES - FORE ALTERNANCE\" \/>\n<meta property=\"og:description\" content=\"FORE ALTERNANCE - D\u00e9couvrez notre offre de formation compl\u00e8te en distanciel !\" \/>\n<meta property=\"og:url\" content=\"https:\/\/www.fore.fr\/apprentissage\/bachelor-charge-affaires-commerciales\/\" \/>\n<meta property=\"og:site_name\" content=\"FORE ALTERNANCE\" \/>\n<meta property=\"article:publisher\" content=\"https:\/\/www.facebook.com\/Fore97\" \/>\n<meta property=\"article:published_time\" content=\"2026-04-10T18:26:15+00:00\" \/>\n<meta property=\"article:modified_time\" content=\"2026-04-10T18:26:16+00:00\" \/>\n<meta name=\"author\" content=\"fore971\" \/>\n<meta name=\"twitter:card\" content=\"summary_large_image\" \/>\n<meta name=\"twitter:label1\" content=\"\u00c9crit par\" \/>\n\t<meta name=\"twitter:data1\" content=\"fore971\" \/>\n\t<meta name=\"twitter:label2\" content=\"Dur\u00e9e de lecture estim\u00e9e\" \/>\n\t<meta name=\"twitter:data2\" content=\"4 minutes\" \/>\n<script type=\"application\/ld+json\" class=\"yoast-schema-graph\">{\"@context\":\"https:\/\/schema.org\",\"@graph\":[{\"@type\":\"Article\",\"@id\":\"https:\/\/www.fore.fr\/apprentissage\/bachelor-charge-affaires-commerciales\/#article\",\"isPartOf\":{\"@id\":\"https:\/\/www.fore.fr\/apprentissage\/bachelor-charge-affaires-commerciales\/\"},\"author\":{\"name\":\"fore971\",\"@id\":\"https:\/\/www.fore.fr\/apprentissage\/#\/schema\/person\/f45be1acbe26dbf632745c675deec333\"},\"headline\":\"CHARG\u00c9.E D\u2019AFFAIRES COMMERCIALES\",\"datePublished\":\"2026-04-10T18:26:15+00:00\",\"dateModified\":\"2026-04-10T18:26:16+00:00\",\"mainEntityOfPage\":{\"@id\":\"https:\/\/www.fore.fr\/apprentissage\/bachelor-charge-affaires-commerciales\/\"},\"wordCount\":653,\"publisher\":{\"@id\":\"https:\/\/www.fore.fr\/apprentissage\/#organization\"},\"articleSection\":[\"Apprentissage\",\"COMMERCE &amp; VENTE\",\"NIVEAU 6\"],\"inLanguage\":\"fr-FR\"},{\"@type\":\"WebPage\",\"@id\":\"https:\/\/www.fore.fr\/apprentissage\/bachelor-charge-affaires-commerciales\/\",\"url\":\"https:\/\/www.fore.fr\/apprentissage\/bachelor-charge-affaires-commerciales\/\",\"name\":\"CHARG\u00c9.E D\u2019AFFAIRES COMMERCIALES - FORE ALTERNANCE\",\"isPartOf\":{\"@id\":\"https:\/\/www.fore.fr\/apprentissage\/#website\"},\"datePublished\":\"2026-04-10T18:26:15+00:00\",\"dateModified\":\"2026-04-10T18:26:16+00:00\",\"description\":\"FORE ALTERNANCE - D\u00e9couvrez notre offre de formation compl\u00e8te en distanciel !\",\"breadcrumb\":{\"@id\":\"https:\/\/www.fore.fr\/apprentissage\/bachelor-charge-affaires-commerciales\/#breadcrumb\"},\"inLanguage\":\"fr-FR\",\"potentialAction\":[{\"@type\":\"ReadAction\",\"target\":[\"https:\/\/www.fore.fr\/apprentissage\/bachelor-charge-affaires-commerciales\/\"]}]},{\"@type\":\"BreadcrumbList\",\"@id\":\"https:\/\/www.fore.fr\/apprentissage\/bachelor-charge-affaires-commerciales\/#breadcrumb\",\"itemListElement\":[{\"@type\":\"ListItem\",\"position\":1,\"name\":\"Accueil\",\"item\":\"https:\/\/www.fore.fr\/apprentissage\/\"},{\"@type\":\"ListItem\",\"position\":2,\"name\":\"CHARG\u00c9.E D\u2019AFFAIRES COMMERCIALES\"}]},{\"@type\":\"WebSite\",\"@id\":\"https:\/\/www.fore.fr\/apprentissage\/#website\",\"url\":\"https:\/\/www.fore.fr\/apprentissage\/\",\"name\":\"FORE ALTERNANCE\",\"description\":\"D\u00c9COUVREZ NOTRE OFFRE DE FORMATION COMPL\u00c8TE EN APPRENTISSAGE &amp; PROFESSIONNALISATION !\",\"publisher\":{\"@id\":\"https:\/\/www.fore.fr\/apprentissage\/#organization\"},\"potentialAction\":[{\"@type\":\"SearchAction\",\"target\":{\"@type\":\"EntryPoint\",\"urlTemplate\":\"https:\/\/www.fore.fr\/apprentissage\/?s={search_term_string}\"},\"query-input\":\"required name=search_term_string\"}],\"inLanguage\":\"fr-FR\"},{\"@type\":\"Organization\",\"@id\":\"https:\/\/www.fore.fr\/apprentissage\/#organization\",\"name\":\"Fore\",\"url\":\"https:\/\/www.fore.fr\/apprentissage\/\",\"logo\":{\"@type\":\"ImageObject\",\"inLanguage\":\"fr-FR\",\"@id\":\"https:\/\/www.fore.fr\/apprentissage\/#\/schema\/logo\/image\/\",\"url\":\"\",\"contentUrl\":\"\",\"caption\":\"Fore\"},\"image\":{\"@id\":\"https:\/\/www.fore.fr\/apprentissage\/#\/schema\/logo\/image\/\"},\"sameAs\":[\"https:\/\/www.facebook.com\/Fore97\",\"https:\/\/www.instagram.com\/fore.formation\"]},{\"@type\":\"Person\",\"@id\":\"https:\/\/www.fore.fr\/apprentissage\/#\/schema\/person\/f45be1acbe26dbf632745c675deec333\",\"name\":\"fore971\",\"image\":{\"@type\":\"ImageObject\",\"inLanguage\":\"fr-FR\",\"@id\":\"https:\/\/www.fore.fr\/apprentissage\/#\/schema\/person\/image\/\",\"url\":\"https:\/\/secure.gravatar.com\/avatar\/e79e0dc4447cace26f00e3b41dc0f450?s=96&d=mm&r=g\",\"contentUrl\":\"https:\/\/secure.gravatar.com\/avatar\/e79e0dc4447cace26f00e3b41dc0f450?s=96&d=mm&r=g\",\"caption\":\"fore971\"},\"sameAs\":[\"https:\/\/migration.fore.fr\/apprentissage\"],\"url\":\"https:\/\/www.fore.fr\/apprentissage\/author\/fore971\/\"}]}<\/script>\n<!-- \/ Yoast SEO plugin. -->","yoast_head_json":{"title":"CHARG\u00c9.E D\u2019AFFAIRES COMMERCIALES - FORE ALTERNANCE","description":"FORE ALTERNANCE - D\u00e9couvrez notre offre de formation compl\u00e8te en distanciel !","robots":{"index":"index","follow":"follow","max-snippet":"max-snippet:-1","max-image-preview":"max-image-preview:large","max-video-preview":"max-video-preview:-1"},"canonical":"https:\/\/www.fore.fr\/apprentissage\/bachelor-charge-affaires-commerciales\/","og_locale":"fr_FR","og_type":"article","og_title":"CHARG\u00c9.E D\u2019AFFAIRES COMMERCIALES - FORE ALTERNANCE","og_description":"FORE ALTERNANCE - D\u00e9couvrez notre offre de formation compl\u00e8te en distanciel !","og_url":"https:\/\/www.fore.fr\/apprentissage\/bachelor-charge-affaires-commerciales\/","og_site_name":"FORE ALTERNANCE","article_publisher":"https:\/\/www.facebook.com\/Fore97","article_published_time":"2026-04-10T18:26:15+00:00","article_modified_time":"2026-04-10T18:26:16+00:00","author":"fore971","twitter_card":"summary_large_image","twitter_misc":{"\u00c9crit par":"fore971","Dur\u00e9e de lecture estim\u00e9e":"4 minutes"},"schema":{"@context":"https:\/\/schema.org","@graph":[{"@type":"Article","@id":"https:\/\/www.fore.fr\/apprentissage\/bachelor-charge-affaires-commerciales\/#article","isPartOf":{"@id":"https:\/\/www.fore.fr\/apprentissage\/bachelor-charge-affaires-commerciales\/"},"author":{"name":"fore971","@id":"https:\/\/www.fore.fr\/apprentissage\/#\/schema\/person\/f45be1acbe26dbf632745c675deec333"},"headline":"CHARG\u00c9.E D\u2019AFFAIRES COMMERCIALES","datePublished":"2026-04-10T18:26:15+00:00","dateModified":"2026-04-10T18:26:16+00:00","mainEntityOfPage":{"@id":"https:\/\/www.fore.fr\/apprentissage\/bachelor-charge-affaires-commerciales\/"},"wordCount":653,"publisher":{"@id":"https:\/\/www.fore.fr\/apprentissage\/#organization"},"articleSection":["Apprentissage","COMMERCE &amp; VENTE","NIVEAU 6"],"inLanguage":"fr-FR"},{"@type":"WebPage","@id":"https:\/\/www.fore.fr\/apprentissage\/bachelor-charge-affaires-commerciales\/","url":"https:\/\/www.fore.fr\/apprentissage\/bachelor-charge-affaires-commerciales\/","name":"CHARG\u00c9.E D\u2019AFFAIRES COMMERCIALES - FORE ALTERNANCE","isPartOf":{"@id":"https:\/\/www.fore.fr\/apprentissage\/#website"},"datePublished":"2026-04-10T18:26:15+00:00","dateModified":"2026-04-10T18:26:16+00:00","description":"FORE ALTERNANCE - D\u00e9couvrez notre offre de formation compl\u00e8te en distanciel !","breadcrumb":{"@id":"https:\/\/www.fore.fr\/apprentissage\/bachelor-charge-affaires-commerciales\/#breadcrumb"},"inLanguage":"fr-FR","potentialAction":[{"@type":"ReadAction","target":["https:\/\/www.fore.fr\/apprentissage\/bachelor-charge-affaires-commerciales\/"]}]},{"@type":"BreadcrumbList","@id":"https:\/\/www.fore.fr\/apprentissage\/bachelor-charge-affaires-commerciales\/#breadcrumb","itemListElement":[{"@type":"ListItem","position":1,"name":"Accueil","item":"https:\/\/www.fore.fr\/apprentissage\/"},{"@type":"ListItem","position":2,"name":"CHARG\u00c9.E D\u2019AFFAIRES COMMERCIALES"}]},{"@type":"WebSite","@id":"https:\/\/www.fore.fr\/apprentissage\/#website","url":"https:\/\/www.fore.fr\/apprentissage\/","name":"FORE ALTERNANCE","description":"D\u00c9COUVREZ NOTRE OFFRE DE FORMATION COMPL\u00c8TE EN APPRENTISSAGE &amp; PROFESSIONNALISATION !","publisher":{"@id":"https:\/\/www.fore.fr\/apprentissage\/#organization"},"potentialAction":[{"@type":"SearchAction","target":{"@type":"EntryPoint","urlTemplate":"https:\/\/www.fore.fr\/apprentissage\/?s={search_term_string}"},"query-input":"required name=search_term_string"}],"inLanguage":"fr-FR"},{"@type":"Organization","@id":"https:\/\/www.fore.fr\/apprentissage\/#organization","name":"Fore","url":"https:\/\/www.fore.fr\/apprentissage\/","logo":{"@type":"ImageObject","inLanguage":"fr-FR","@id":"https:\/\/www.fore.fr\/apprentissage\/#\/schema\/logo\/image\/","url":"","contentUrl":"","caption":"Fore"},"image":{"@id":"https:\/\/www.fore.fr\/apprentissage\/#\/schema\/logo\/image\/"},"sameAs":["https:\/\/www.facebook.com\/Fore97","https:\/\/www.instagram.com\/fore.formation"]},{"@type":"Person","@id":"https:\/\/www.fore.fr\/apprentissage\/#\/schema\/person\/f45be1acbe26dbf632745c675deec333","name":"fore971","image":{"@type":"ImageObject","inLanguage":"fr-FR","@id":"https:\/\/www.fore.fr\/apprentissage\/#\/schema\/person\/image\/","url":"https:\/\/secure.gravatar.com\/avatar\/e79e0dc4447cace26f00e3b41dc0f450?s=96&d=mm&r=g","contentUrl":"https:\/\/secure.gravatar.com\/avatar\/e79e0dc4447cace26f00e3b41dc0f450?s=96&d=mm&r=g","caption":"fore971"},"sameAs":["https:\/\/migration.fore.fr\/apprentissage"],"url":"https:\/\/www.fore.fr\/apprentissage\/author\/fore971\/"}]}},"_links":{"self":[{"href":"https:\/\/www.fore.fr\/apprentissage\/wp-json\/wp\/v2\/posts\/5817"}],"collection":[{"href":"https:\/\/www.fore.fr\/apprentissage\/wp-json\/wp\/v2\/posts"}],"about":[{"href":"https:\/\/www.fore.fr\/apprentissage\/wp-json\/wp\/v2\/types\/post"}],"author":[{"embeddable":true,"href":"https:\/\/www.fore.fr\/apprentissage\/wp-json\/wp\/v2\/users\/1"}],"replies":[{"embeddable":true,"href":"https:\/\/www.fore.fr\/apprentissage\/wp-json\/wp\/v2\/comments?post=5817"}],"version-history":[{"count":8,"href":"https:\/\/www.fore.fr\/apprentissage\/wp-json\/wp\/v2\/posts\/5817\/revisions"}],"predecessor-version":[{"id":8899,"href":"https:\/\/www.fore.fr\/apprentissage\/wp-json\/wp\/v2\/posts\/5817\/revisions\/8899"}],"wp:attachment":[{"href":"https:\/\/www.fore.fr\/apprentissage\/wp-json\/wp\/v2\/media?parent=5817"}],"wp:term":[{"taxonomy":"category","embeddable":true,"href":"https:\/\/www.fore.fr\/apprentissage\/wp-json\/wp\/v2\/categories?post=5817"},{"taxonomy":"post_tag","embeddable":true,"href":"https:\/\/www.fore.fr\/apprentissage\/wp-json\/wp\/v2\/tags?post=5817"}],"curies":[{"name":"wp","href":"https:\/\/api.w.org\/{rel}","templated":true}]}}