{"id":7171,"date":"2026-04-10T19:44:57","date_gmt":"2026-04-10T17:44:57","guid":{"rendered":"https:\/\/www.fore.fr\/apprentissage\/?p=7171"},"modified":"2026-04-10T19:45:22","modified_gmt":"2026-04-10T17:45:22","slug":"bts-economie-sociale-familiale","status":"publish","type":"post","link":"https:\/\/www.fore.fr\/apprentissage\/bts-economie-sociale-familiale\/","title":{"rendered":"BTS ECONOMIE SOCIALE FAMILIALE"},"content":{"rendered":"\n<h4 class=\"wp-block-heading has-text-align-center has-white-color has-black-background-color has-text-color has-background\" id=\"programme-1\"><br><strong>DETAILS<\/strong><\/h4>\n\n\n\n<div class=\"wp-block-columns is-layout-flex wp-container-core-columns-is-layout-1 wp-block-columns-is-layout-flex\">\n<div class=\"wp-block-column is-vertically-aligned-top is-layout-flow wp-block-column-is-layout-flow\">\n<p class=\"has-white-color has-text-color has-background\" style=\"background-color:#e4032c\"><strong>1350H<br>SUR 2 ANS<br>2 jours\/Semaine<\/strong><\/p>\n\n\n\n<p class=\"has-small-font-size\"><strong>CERTIFICATION<\/strong><br>Dipl\u00f4me de niveau 5 (NA) intitul\u00e9 &#8220;BTS ECONOMIE SOCIALE FAMILIALE&#8221;, enregistr\u00e9 au RNCP le 10\/10\/2022 et d\u00e9livr\u00e9 par le Minist\u00e8re de l&#8217;Enseignement Sup\u00e9rieur et de la Recherche.<br>Code RNCP : 36938<br>Code Dipl\u00f4me : 32033206<br>Code NSF : 332<\/p>\n\n\n\n<figure class=\"wp-block-table has-small-font-size\"><table class=\"has-vivid-red-color has-text-color\"><tbody><tr><td><strong>Lien France Comp\u00e9tences : <a href=\"https:\/\/www.francecompetences.fr\/recherche\/rncp\/36938\" target=\"_blank\" rel=\"noreferrer noopener\">https:\/\/www.francecompetences.fr\/<br>recherche\/rncp\/36938<\/a><\/strong><\/td><\/tr><\/tbody><\/table><\/figure>\n<\/div>\n\n\n\n<div class=\"wp-block-column is-vertically-aligned-center is-layout-flow wp-block-column-is-layout-flow\">\n<p><strong>CONTACTS<\/strong><br><strong>Christine GUENIOT <\/strong><br>0690 48 26 50<br>0590 38 71 36<strong> <\/strong><br><a href=\"mailto:christine.gueniot@fore.fr\">christine.gueniot@fore.fr<\/a> <br><strong>Delphine PIERQUIN<\/strong><br> 0690 05 76 95 \/ 0590 38 22 78<br><a href=\"mailto:delphine.pierquin@fore.fr\">delphine.pierquin@fore.fr<\/a><\/p>\n<\/div>\n<\/div>\n\n\n\n<hr class=\"wp-block-separator has-css-opacity\"\/>\n\n\n\n<div data-wp-interactive=\"core\/file\" class=\"wp-block-file\"><object data-wp-bind--hidden=\"!state.hasPdfPreview\"  class=\"wp-block-file__embed\" data=\"https:\/\/www.fore.fr\/apprentissage\/wp-content\/uploads\/2026\/04\/A4-BTS-ECONOMIE-SOCIALE-FAMILIALE.pdf\" type=\"application\/pdf\" style=\"width:100%;height:600px\" aria-label=\"Contenu embarqu\u00e9 A4-BTS-ECONOMIE-SOCIALE-FAMILIALE.\"><\/object><a id=\"wp-block-file--media-80ca9743-8967-4282-8c1e-cca931aea4f1\" href=\"https:\/\/www.fore.fr\/apprentissage\/wp-content\/uploads\/2026\/04\/A4-BTS-ECONOMIE-SOCIALE-FAMILIALE.pdf\" target=\"_blank\" rel=\"noreferrer noopener\">A4-BTS-ECONOMIE-SOCIALE-FAMILIALE<\/a><a href=\"https:\/\/www.fore.fr\/apprentissage\/wp-content\/uploads\/2026\/04\/A4-BTS-ECONOMIE-SOCIALE-FAMILIALE.pdf\" class=\"wp-block-file__button wp-element-button\" download aria-describedby=\"wp-block-file--media-80ca9743-8967-4282-8c1e-cca931aea4f1\">T\u00e9l\u00e9charger<\/a><\/div>\n\n\n\n<p class=\"has-black-color has-text-color\"><strong><span style=\"color: &quot;red;\">PR\u00c9REQUIS<\/span><br><\/strong>Le BTS ESF est accessible \u00e0 toutes les personnes justifiant d\u2019un dipl\u00f4me de niveau 4 (Bac).<br>La priorit\u00e9 est donn\u00e9e aux titulaires d\u2019un bac g\u00e9n\u00e9ral, et \u00e0 certains bacs professionnels en lien avec le travail social.<\/p>\n\n\n\n<p><strong>M\u00c9THODES P\u00c9DAGOGIQUES :<\/strong><br>M\u00e9thodes Actives et Participative : Apports op\u00e9rationnels par des sp\u00e9cialistes du secteur. Mise en situation. Travaux dirig\u00e9s. Etudes de cas. Pr\u00e9sentiel \/ Distanciel.<\/p>\n\n\n\n<p><strong>MOYENS P\u00c9DAGOGIQUES :<\/strong><br>Salles informatiques connect\u00e9es \u00e0 Internet (fibre optique). Documentations sur plateforme informatique. TEAMS. Vid\u00e9o projecteur. Mat\u00e9riel en salle de formation.<\/p>\n\n\n\n<p><strong>SUIVI ET \u00c9VALUATIONS : <\/strong><br>Contr\u00f4les continus et \u00e9tudes de cas pratiques sont r\u00e9alis\u00e9es. Le contenu est \u00e9labor\u00e9 \u00e0 partir du r\u00e9f\u00e9rentiel du dipl\u00f4me consultable sur le RNCP. Une progression p\u00e9dagogique est remise par chaque formateur. Un classeur p\u00e9dagogique permet de suivre le d\u00e9roulement de la formation en conformit\u00e9 avec le r\u00e9f\u00e9rentiel. TEAMS permet de t\u00e9l\u00e9charger les cours et de recevoir toutes les informations inh\u00e9rentes \u00e0 la formation.<\/p>\n\n\n\n<h4 class=\"wp-block-heading has-text-align-center has-white-color has-text-color has-background\" id=\"programme-1\" style=\"background-color:#e4032c\"><strong>PROGRAMME<\/strong><\/h4>\n\n\n\n<div class=\"wp-block-columns is-layout-flex wp-container-core-columns-is-layout-2 wp-block-columns-is-layout-flex\">\n<div class=\"wp-block-column is-layout-flow wp-block-column-is-layout-flow\">\n<p class=\"has-small-font-size\"><strong>Mobiliser l\u2019expertise technologique pour porter conseil en vie quotidienne<\/strong><br>\u2022 Elaborer un conseil en vie quotidienne\u00a0<br>\u2022 Conseiller sur l\u2019usage des ressources num\u00e9riques li\u00e9es \u00e0 la vie quotidienne<br>\u2022. Mettre en oeuvre des actions pour la gestion locale de l\u2019environnement et des flux<br>\u2022 \u00c9laborer un conseil budg\u00e9taire, constituer un dossier de financement<br>\u2022 Assurer une veille technique, scientifique et juridique<br>\u2022 Accompagner au montage de dossiers de demande d\u2019aide<br><br><strong>Animer, former dans les domaines de la vie quotidienne<\/strong><br>\u2022 Accueillir, orienter le public<br>\u2022 G\u00e9rer le budget d\u2019une action<br>\u2022 Analyser les besoins d\u2019un public<br>\u2022 Concevoir des actions de formation dans les domaines de la vie quotidienne<br>\u2022 \u00c9valuer les actions mises en place<br>\u2022 Participer \u00e0 l\u2019animation de la vie quotidienne au sein d\u2019une structure, d\u2019un service (convivialit\u00e9, vivre ensemble)<\/p>\n<\/div>\n\n\n\n<div class=\"wp-block-column is-layout-flow wp-block-column-is-layout-flow\">\n<p class=\"has-small-font-size\"><strong>Organiser d\u2019un point de vue technique la vie quotidienne dans un service, dans un \u00e9tablissement<\/strong><br>\u2022 Planifier et\/ou coordonner les activit\u00e9s en lien avec la vie quotidienne<br>\u2022 Participer \u00e0 la gestion des locations et de l\u2019h\u00e9bergement<br>\u2022 G\u00e9rer les produits, les mat\u00e9riels, les \u00e9quipements<br>\u2022 Assurer une veille de l\u2019\u00e9tat des espaces de vie, des \u00e9quipements<br>\u2022 Assurer la qualit\u00e9 du service rendu<br>\u2022 Participer \u00e0 la logistique administrative et comptable du service, de la structure<br><br><strong>Communiquer et animer une \u00e9quipe<\/strong><br>\u2022 \u00c9laborer une communication \u00e0 destination de diff\u00e9rents publics<br>\u2022 Participer \u00e0 la gestion de l\u2019\u00e9quipe<br>\u2022 Mobiliser l\u2019environnement num\u00e9rique<br>\u2022 Coordonner une \u00e9quipe<br>\u2022 Participer \u00e0 la d\u00e9finition des profils de postes et des comp\u00e9tences associ\u00e9es<br><br><strong>Participer \u00e0 la dynamique institutionnelle et partenariale<\/strong><br>\u2022 Respecter les logiques institutionnelles et les strat\u00e9gies organisationnelles<br>\u2022 D\u00e9velopper des actions en partenariat et participer \u00e0 la dynamique institutionnelle<br>\u2022 Participer au suivi des partenariats engag\u00e9s par les structures<\/p>\n<\/div>\n<\/div>\n\n\n\n<h4 class=\"wp-block-heading has-text-align-center has-white-color has-text-color has-background\" id=\"programme-1\" style=\"background-color:#e4032c\"><strong>PERSPECTIVES D&#8217;EMPLOI<\/strong><\/h4>\n\n\n\n<ul class=\"wp-block-list\">\n<li>Conseiller.e en \u00e9conomie sociale et familiale<\/li>\n\n\n\n<li>Educateur.trice sp\u00e9cialis\u00e9.e en accompagnement social et familial<\/li>\n\n\n\n<li>Animateur.trice socio-\u00e9ducatif<\/li>\n\n\n\n<li>Charg\u00e9.e de mission en d\u00e9veloppement social<\/li>\n\n\n\n<li>Gestionnaire de projet social<\/li>\n\n\n\n<li>Conseiller.e en insertion professionnelle<\/li>\n\n\n\n<li>Formateur.trice dans le domaine social ou familial<\/li>\n\n\n\n<li>Assistant.e de direction dans des structures sociales ou d\u2019aide \u00e0 la personne<\/li>\n\n\n\n<li>Accompagnant \u00e9ducatif et social<\/li>\n<\/ul>\n\n\n\n<hr class=\"wp-block-separator has-css-opacity is-style-wide\"\/>\n\n\n\n<h4 class=\"wp-block-heading has-text-align-center has-white-color has-text-color has-background\" id=\"programme-1\" style=\"background-color:#e4032c\"><strong>JE SOUHAITE M&#8217;INSCRIRE A CETTE FORMATION<\/strong><\/h4>\n\n\n\n<div class=\"wpcf7 no-js\" id=\"wpcf7-f870-o1\" lang=\"fr-FR\" dir=\"ltr\">\n<div class=\"screen-reader-response\"><p role=\"status\" aria-live=\"polite\" aria-atomic=\"true\"><\/p> <ul><\/ul><\/div>\n<form action=\"\/apprentissage\/wp-json\/wp\/v2\/posts\/7171#wpcf7-f870-o1\" method=\"post\" class=\"wpcf7-form init\" aria-label=\"Formulaire de contact\" enctype=\"multipart\/form-data\" novalidate=\"novalidate\" data-status=\"init\">\n<div style=\"display: none;\">\n<input type=\"hidden\" name=\"_wpcf7\" value=\"870\" \/>\n<input type=\"hidden\" name=\"_wpcf7_version\" value=\"5.8.4\" \/>\n<input type=\"hidden\" name=\"_wpcf7_locale\" value=\"fr_FR\" \/>\n<input type=\"hidden\" name=\"_wpcf7_unit_tag\" value=\"wpcf7-f870-o1\" \/>\n<input type=\"hidden\" name=\"_wpcf7_container_post\" value=\"0\" \/>\n<input type=\"hidden\" name=\"_wpcf7_posted_data_hash\" value=\"\" \/>\n<\/div>\n<p><label> Merci de choisir la formation concern\u00e9e :<br \/>\n<span class=\"wpcf7-form-control-wrap\" data-name=\"listeformation\"><select class=\"wpcf7-form-control wpcf7-select wpcf7-validates-as-required\" aria-required=\"true\" aria-invalid=\"false\" name=\"listeformation\"><option value=\"\">&#8212;Veuillez choisir une option&#8212;<\/option><option value=\"BTS \u00c9LECTROTECHNIQUE\">BTS \u00c9LECTROTECHNIQUE<\/option><option value=\"BTS COMMUNICATION\">BTS COMMUNICATION<\/option><option value=\"BTS TOURISME\">BTS TOURISME<\/option><option value=\"RESPONSABLE MARKETING OP\u00c9RATIONNEL\">RESPONSABLE MARKETING OP\u00c9RATIONNEL<\/option><option value=\"TP TECHNICIEN D\u2019APRES-VENTE EN ELECTROMENAGER ET AUDIOVISUEL \u00c0 DOMICILE\">TP TECHNICIEN D\u2019APRES-VENTE EN ELECTROMENAGER ET AUDIOVISUEL \u00c0 DOMICILE<\/option><option value=\"TP SERVEUR(SE) EN RESTAURATION\">TP SERVEUR(SE) EN RESTAURATION<\/option><option value=\"TP SECR\u00c9TAIRE COMPTABLE\">TP SECR\u00c9TAIRE COMPTABLE<\/option><option value=\"TP SECR\u00c9TAIRE ASSISTANT M\u00c9DICO-SOCIAL\">TP SECR\u00c9TAIRE ASSISTANT M\u00c9DICO-SOCIAL<\/option><option value=\"TP SECR\u00c9TAIRE ASSISTANT.E\">TP SECR\u00c9TAIRE ASSISTANT.E<\/option><option value=\"MANAGER DE RAYON\">MANAGER DE RAYON<\/option><option value=\"TP CONSEILLER.\u00c8RE DE VENTE\">TP CONSEILLER.\u00c8RE DE VENTE<\/option><option value=\"TP CONCEPTEUR.RICE D\u00c9VELOPPEUR.SE D\u2019APPLICATIONS\">TP CONCEPTEUR.RICE D\u00c9VELOPPEUR.SE D\u2019APPLICATIONS<\/option><option value=\"TP ATTACH\u00c9.E COMMERCIAL.E\">TP ATTACH\u00c9.E COMMERCIAL.E<\/option><option value=\"TP ASSISTANT.E RESSOURCES HUMAINES\">TP ASSISTANT.E RESSOURCES HUMAINES<\/option><option value=\"TP ASSISTANT.E DE DIRECTION\">TP ASSISTANT.E DE DIRECTION<\/option><option value=\"TP ELECTRICIENT D\u2019EQUIPEMENT DU B\u00c2TIMENT\">TP ELECTRICIENT D\u2019EQUIPEMENT DU B\u00c2TIMENT<\/option><option value=\"AGENT MAGASINIER\">AGENT MAGASINIER<\/option><option value=\"TP TECHNICIEN SUP\u00c9RIEUR EN MAINTENANCE INDUSTRIELLE\">TP TECHNICIEN SUP\u00c9RIEUR EN MAINTENANCE INDUSTRIELLE<\/option><option value=\"TECHNICIEN.NE SYST\u00c8MES R\u00c9SEAUX S\u00c9CURIT\u00c9\">TECHNICIEN.NE SYST\u00c8MES R\u00c9SEAUX S\u00c9CURIT\u00c9<\/option><option value=\"RESPONSABLE DE SERVICE EN H\u00d4TELLERIE, TOURISME ET RESTAURATION\">RESPONSABLE DE SERVICE EN H\u00d4TELLERIE, TOURISME ET RESTAURATION<\/option><option value=\"RESPONSABLE D\u2019AFFAIRES EN IMMOBILIER\">RESPONSABLE D\u2019AFFAIRES EN IMMOBILIER<\/option><option value=\"RESPONSABLE EN LOGISTIQUE\">RESPONSABLE EN LOGISTIQUE<\/option><option value=\"MASTERE MANAGER DE LA STRAT\u00c9GIE MARKETING\">MASTERE MANAGER DE LA STRAT\u00c9GIE MARKETING<\/option><option value=\"MASTERE MANAGER EN RESSOURCES HUMAINES\">MASTERE MANAGER EN RESSOURCES HUMAINES<\/option><option value=\"MASTERE MANAGER DES AFFAIRES\">MASTERE MANAGER DES AFFAIRES<\/option><option value=\"MASTERE MANAGER DU D\u00c9VELOPPEMENT COMMERCIAL\">MASTERE MANAGER DU D\u00c9VELOPPEMENT COMMERCIAL<\/option><option value=\"CONTROLEUR DE GESTION\">CONTROLEUR DE GESTION<\/option><option value=\"TP CONSEILLER.IERE RELATION CLIENT \u00c0 DISTANCE\">TP CONSEILLER.IERE RELATION CLIENT \u00c0 DISTANCE<\/option><option value=\"BACHELOR CONSEILLER FINANCIER\">BACHELOR CONSEILLER FINANCIER<\/option><option value=\"COMMUNITY MANAGER\">COMMUNITY MANAGER<\/option><option value=\"COORDINATEUR.TRICE D\u2019INCLUSION SOCIALE, M\u00c9DICO-SOCIALE ET PROFESSIONNELLE\">COORDINATEUR.TRICE D\u2019INCLUSION SOCIALE, M\u00c9DICO-SOCIALE ET PROFESSIONNELLE<\/option><option value=\"CAP GLACIER FABRIQUANT\">CAP GLACIER FABRIQUANT<\/option><option value=\"BTS N\u00c9GOCIATION &amp; DIGITALISATION DE LA RELATION CLIENT\">BTS N\u00c9GOCIATION &amp; DIGITALISATION DE LA RELATION CLIENT<\/option><option value=\"BTS MANAGEMENT COMMERCIAL OP\u00c9RATIONNEL\">BTS MANAGEMENT COMMERCIAL OP\u00c9RATIONNEL<\/option><option value=\"BTS GESTION DES TRANSPORTS ET LOGISTIQUE ASSOCI\u00c9E\">BTS GESTION DES TRANSPORTS ET LOGISTIQUE ASSOCI\u00c9E<\/option><option value=\"BTS GESTION DE LA PME\">BTS GESTION DE LA PME<\/option><option value=\"BTS COMPTABILIT\u00c9 GESTION\">BTS COMPTABILIT\u00c9 GESTION<\/option><option value=\"BTS CYBERS\u00c9CURIT\u00c9, INFORMATIQUE ET R\u00c9SEAUX, \u00c9LECTRONIQUE \u2013 BTS CIEL\">BTS CYBERS\u00c9CURIT\u00c9, INFORMATIQUE ET R\u00c9SEAUX, \u00c9LECTRONIQUE \u2013 BTS CIEL<\/option><option value=\"BTS BANQUE, CONSEILLER DE CLIENT\u00c8LE\">BTS BANQUE, CONSEILLER DE CLIENT\u00c8LE<\/option><option value=\"BACHELOR CHARG\u00c9.E DES RESSOURCES HUMAINES\">BACHELOR CHARG\u00c9.E DES RESSOURCES HUMAINES<\/option><option value=\"BACHELOR CHARG\u00c9.E D\u2019AFFAIRES COMMERCIALES\">BACHELOR CHARG\u00c9.E D\u2019AFFAIRES COMMERCIALES<\/option><option value=\"BACHELOR BANQUE ET ASSURANCES\">BACHELOR BANQUE ET ASSURANCES<\/option><option value=\"RESPONSABLE D\u2019ENTREPRISE D\u2019\u00c9CONOMIE SOCIALE ET SOLIDAIRE\">RESPONSABLE D\u2019ENTREPRISE D\u2019\u00c9CONOMIE SOCIALE ET SOLIDAIRE<\/option><option value=\"TP BIM MODELEUR DU B\u00c2TIMENT\">TP BIM MODELEUR DU B\u00c2TIMENT<\/option><option value=\"TP CHEF(FE) DE CHANTIER TRAVAUX PUBLICS ROUTES ET CANALISATIONS\">TP CHEF(FE) DE CHANTIER TRAVAUX PUBLICS ROUTES ET CANALISATIONS<\/option><option value=\"TP MACON EN VOIRIE RESEAUX DIVERS\">TP MACON EN VOIRIE RESEAUX DIVERS<\/option><option value=\"TP COFFREUR BANCHEUR\">TP COFFREUR BANCHEUR<\/option><option value=\"TP TECHNICIEN EN LOGISTIQUE D\u2019ENTREPOSAGE\">TP TECHNICIEN EN LOGISTIQUE D\u2019ENTREPOSAGE<\/option><option value=\"RESPONSABLE LOGISTIQUE\">RESPONSABLE LOGISTIQUE<\/option><\/select><\/span><br \/>\n<\/label><br \/>\n<label> Votre nom (obligatoire)<br \/>\n<span class=\"wpcf7-form-control-wrap\" data-name=\"your-name\"><input size=\"40\" class=\"wpcf7-form-control wpcf7-text wpcf7-validates-as-required\" aria-required=\"true\" aria-invalid=\"false\" value=\"\" type=\"text\" name=\"your-name\" \/><\/span> <\/label>\n<\/p>\n<p><label> Votre Email (obligatoire)<br \/>\n<span class=\"wpcf7-form-control-wrap\" data-name=\"your-email\"><input size=\"40\" class=\"wpcf7-form-control wpcf7-email wpcf7-validates-as-required wpcf7-text wpcf7-validates-as-email\" aria-required=\"true\" aria-invalid=\"false\" value=\"\" type=\"email\" name=\"your-email\" \/><\/span> <\/label><br \/>\n<label> Votre t\u00e9l\u00e9phone <span class=\"wpcf7-form-control-wrap\" data-name=\"tel-704\"><input size=\"40\" class=\"wpcf7-form-control wpcf7-tel wpcf7-validates-as-required wpcf7-text wpcf7-validates-as-tel\" aria-required=\"true\" aria-invalid=\"false\" value=\"\" type=\"tel\" name=\"tel-704\" \/><\/span><\/label><br \/>\n<label> Objet<br \/>\n<span class=\"wpcf7-form-control-wrap\" data-name=\"your-subject\"><input size=\"40\" class=\"wpcf7-form-control wpcf7-text\" aria-invalid=\"false\" value=\"\" type=\"text\" name=\"your-subject\" \/><\/span> <\/label>\n<\/p>\n<p><label> Votre message<br \/>\n<span class=\"wpcf7-form-control-wrap\" data-name=\"your-message\"><textarea cols=\"40\" rows=\"10\" class=\"wpcf7-form-control wpcf7-textarea\" aria-invalid=\"false\" name=\"your-message\"><\/textarea><\/span> <\/label><br \/>\n<label> Vous pouvez nous envoyer votre CV si vous le souhaitez :<br \/>\n<span class=\"wpcf7-form-control-wrap\" data-name=\"file-707\"><input size=\"40\" class=\"wpcf7-form-control wpcf7-file\" accept=\"audio\/*,video\/*,image\/*\" aria-invalid=\"false\" type=\"file\" name=\"file-707\" \/><\/span> <\/label>\n<\/p>\n<p><input class=\"wpcf7-form-control wpcf7-submit has-spinner\" type=\"submit\" value=\"Envoyer\" \/>\n<\/p><p style=\"display: none !important;\"><label>&#916;<textarea name=\"_wpcf7_ak_hp_textarea\" cols=\"45\" rows=\"8\" maxlength=\"100\"><\/textarea><\/label><input type=\"hidden\" id=\"ak_js_1\" name=\"_wpcf7_ak_js\" value=\"238\"\/><script>document.getElementById( \"ak_js_1\" ).setAttribute( \"value\", ( new Date() ).getTime() );<\/script><\/p><div class=\"wpcf7-response-output\" aria-hidden=\"true\"><\/div>\n<\/form>\n<\/div>\n\n\n\n\n<p><\/p>\n\n\n\n<p><\/p>\n","protected":false},"excerpt":{"rendered":"<p>DETAILS 1350HSUR 2 ANS2 jours\/Semaine CERTIFICATIONDipl\u00f4me de niveau 5 (NA) intitul\u00e9 &#8220;BTS ECONOMIE SOCIALE FAMILIALE&#8221;, enregistr\u00e9 au RNCP le 10\/10\/2022 et d\u00e9livr\u00e9 par le Minist\u00e8re de l&#8217;Enseignement Sup\u00e9rieur et de la Recherche.Code RNCP : 36938Code Dipl\u00f4me : 32033206Code NSF : 332 Lien France Comp\u00e9tences : https:\/\/www.francecompetences.fr\/recherche\/rncp\/36938 CONTACTSChristine GUENIOT 0690 48 26 500590 38 71 36 &hellip; <\/p>\n<p class=\"link-more\"><a href=\"https:\/\/www.fore.fr\/apprentissage\/bts-economie-sociale-familiale\/\" class=\"more-link\">Continuer la lecture<span class=\"screen-reader-text\"> de &laquo;&nbsp;BTS ECONOMIE SOCIALE FAMILIALE&nbsp;&raquo;<\/span><\/a><\/p>\n","protected":false},"author":1,"featured_media":0,"comment_status":"closed","ping_status":"open","sticky":false,"template":"","format":"standard","meta":{"footnotes":""},"categories":[5,15,25,59],"tags":[],"class_list":["post-7171","post","type-post","status-publish","format-standard","hentry","category-apprentissage","category-bts","category-niveau-5","category-social"],"yoast_head":"<!-- This site is optimized with the Yoast SEO plugin v21.6 - https:\/\/yoast.com\/wordpress\/plugins\/seo\/ -->\n<title>BTS ECONOMIE SOCIALE FAMILIALE - FORE ALTERNANCE<\/title>\n<meta name=\"description\" content=\"FORE ALTERNANCE - D\u00e9couvrez notre offre de formation compl\u00e8te en distanciel !\" \/>\n<meta name=\"robots\" content=\"index, follow, max-snippet:-1, max-image-preview:large, max-video-preview:-1\" \/>\n<link rel=\"canonical\" href=\"https:\/\/www.fore.fr\/apprentissage\/bts-economie-sociale-familiale\/\" \/>\n<meta property=\"og:locale\" content=\"fr_FR\" \/>\n<meta property=\"og:type\" content=\"article\" \/>\n<meta property=\"og:title\" content=\"BTS ECONOMIE SOCIALE FAMILIALE - FORE ALTERNANCE\" \/>\n<meta property=\"og:description\" content=\"FORE ALTERNANCE - D\u00e9couvrez notre offre de formation compl\u00e8te en distanciel !\" \/>\n<meta property=\"og:url\" content=\"https:\/\/www.fore.fr\/apprentissage\/bts-economie-sociale-familiale\/\" \/>\n<meta property=\"og:site_name\" content=\"FORE ALTERNANCE\" \/>\n<meta property=\"article:publisher\" content=\"https:\/\/www.facebook.com\/Fore97\" \/>\n<meta property=\"article:published_time\" content=\"2026-04-10T17:44:57+00:00\" \/>\n<meta property=\"article:modified_time\" content=\"2026-04-10T17:45:22+00:00\" \/>\n<meta name=\"author\" content=\"fore971\" \/>\n<meta name=\"twitter:card\" content=\"summary_large_image\" \/>\n<meta name=\"twitter:label1\" content=\"\u00c9crit par\" \/>\n\t<meta name=\"twitter:data1\" content=\"fore971\" \/>\n\t<meta name=\"twitter:label2\" content=\"Dur\u00e9e de lecture estim\u00e9e\" \/>\n\t<meta name=\"twitter:data2\" content=\"3 minutes\" \/>\n<script type=\"application\/ld+json\" class=\"yoast-schema-graph\">{\"@context\":\"https:\/\/schema.org\",\"@graph\":[{\"@type\":\"Article\",\"@id\":\"https:\/\/www.fore.fr\/apprentissage\/bts-economie-sociale-familiale\/#article\",\"isPartOf\":{\"@id\":\"https:\/\/www.fore.fr\/apprentissage\/bts-economie-sociale-familiale\/\"},\"author\":{\"name\":\"fore971\",\"@id\":\"https:\/\/www.fore.fr\/apprentissage\/#\/schema\/person\/f45be1acbe26dbf632745c675deec333\"},\"headline\":\"BTS ECONOMIE SOCIALE FAMILIALE\",\"datePublished\":\"2026-04-10T17:44:57+00:00\",\"dateModified\":\"2026-04-10T17:45:22+00:00\",\"mainEntityOfPage\":{\"@id\":\"https:\/\/www.fore.fr\/apprentissage\/bts-economie-sociale-familiale\/\"},\"wordCount\":612,\"publisher\":{\"@id\":\"https:\/\/www.fore.fr\/apprentissage\/#organization\"},\"articleSection\":[\"Apprentissage\",\"BTS\",\"NIVEAU 5\",\"SOCIAL\"],\"inLanguage\":\"fr-FR\"},{\"@type\":\"WebPage\",\"@id\":\"https:\/\/www.fore.fr\/apprentissage\/bts-economie-sociale-familiale\/\",\"url\":\"https:\/\/www.fore.fr\/apprentissage\/bts-economie-sociale-familiale\/\",\"name\":\"BTS ECONOMIE SOCIALE FAMILIALE - FORE ALTERNANCE\",\"isPartOf\":{\"@id\":\"https:\/\/www.fore.fr\/apprentissage\/#website\"},\"datePublished\":\"2026-04-10T17:44:57+00:00\",\"dateModified\":\"2026-04-10T17:45:22+00:00\",\"description\":\"FORE ALTERNANCE - D\u00e9couvrez notre offre de formation compl\u00e8te en distanciel !\",\"breadcrumb\":{\"@id\":\"https:\/\/www.fore.fr\/apprentissage\/bts-economie-sociale-familiale\/#breadcrumb\"},\"inLanguage\":\"fr-FR\",\"potentialAction\":[{\"@type\":\"ReadAction\",\"target\":[\"https:\/\/www.fore.fr\/apprentissage\/bts-economie-sociale-familiale\/\"]}]},{\"@type\":\"BreadcrumbList\",\"@id\":\"https:\/\/www.fore.fr\/apprentissage\/bts-economie-sociale-familiale\/#breadcrumb\",\"itemListElement\":[{\"@type\":\"ListItem\",\"position\":1,\"name\":\"Accueil\",\"item\":\"https:\/\/www.fore.fr\/apprentissage\/\"},{\"@type\":\"ListItem\",\"position\":2,\"name\":\"BTS ECONOMIE SOCIALE FAMILIALE\"}]},{\"@type\":\"WebSite\",\"@id\":\"https:\/\/www.fore.fr\/apprentissage\/#website\",\"url\":\"https:\/\/www.fore.fr\/apprentissage\/\",\"name\":\"FORE ALTERNANCE\",\"description\":\"D\u00c9COUVREZ NOTRE OFFRE DE FORMATION COMPL\u00c8TE EN APPRENTISSAGE &amp; PROFESSIONNALISATION !\",\"publisher\":{\"@id\":\"https:\/\/www.fore.fr\/apprentissage\/#organization\"},\"potentialAction\":[{\"@type\":\"SearchAction\",\"target\":{\"@type\":\"EntryPoint\",\"urlTemplate\":\"https:\/\/www.fore.fr\/apprentissage\/?s={search_term_string}\"},\"query-input\":\"required name=search_term_string\"}],\"inLanguage\":\"fr-FR\"},{\"@type\":\"Organization\",\"@id\":\"https:\/\/www.fore.fr\/apprentissage\/#organization\",\"name\":\"Fore\",\"url\":\"https:\/\/www.fore.fr\/apprentissage\/\",\"logo\":{\"@type\":\"ImageObject\",\"inLanguage\":\"fr-FR\",\"@id\":\"https:\/\/www.fore.fr\/apprentissage\/#\/schema\/logo\/image\/\",\"url\":\"\",\"contentUrl\":\"\",\"caption\":\"Fore\"},\"image\":{\"@id\":\"https:\/\/www.fore.fr\/apprentissage\/#\/schema\/logo\/image\/\"},\"sameAs\":[\"https:\/\/www.facebook.com\/Fore97\",\"https:\/\/www.instagram.com\/fore.formation\"]},{\"@type\":\"Person\",\"@id\":\"https:\/\/www.fore.fr\/apprentissage\/#\/schema\/person\/f45be1acbe26dbf632745c675deec333\",\"name\":\"fore971\",\"image\":{\"@type\":\"ImageObject\",\"inLanguage\":\"fr-FR\",\"@id\":\"https:\/\/www.fore.fr\/apprentissage\/#\/schema\/person\/image\/\",\"url\":\"https:\/\/secure.gravatar.com\/avatar\/e79e0dc4447cace26f00e3b41dc0f450?s=96&d=mm&r=g\",\"contentUrl\":\"https:\/\/secure.gravatar.com\/avatar\/e79e0dc4447cace26f00e3b41dc0f450?s=96&d=mm&r=g\",\"caption\":\"fore971\"},\"sameAs\":[\"https:\/\/migration.fore.fr\/apprentissage\"],\"url\":\"https:\/\/www.fore.fr\/apprentissage\/author\/fore971\/\"}]}<\/script>\n<!-- \/ Yoast SEO plugin. -->","yoast_head_json":{"title":"BTS ECONOMIE SOCIALE FAMILIALE - FORE ALTERNANCE","description":"FORE ALTERNANCE - D\u00e9couvrez notre offre de formation compl\u00e8te en distanciel !","robots":{"index":"index","follow":"follow","max-snippet":"max-snippet:-1","max-image-preview":"max-image-preview:large","max-video-preview":"max-video-preview:-1"},"canonical":"https:\/\/www.fore.fr\/apprentissage\/bts-economie-sociale-familiale\/","og_locale":"fr_FR","og_type":"article","og_title":"BTS ECONOMIE SOCIALE FAMILIALE - FORE ALTERNANCE","og_description":"FORE ALTERNANCE - D\u00e9couvrez notre offre de formation compl\u00e8te en distanciel !","og_url":"https:\/\/www.fore.fr\/apprentissage\/bts-economie-sociale-familiale\/","og_site_name":"FORE ALTERNANCE","article_publisher":"https:\/\/www.facebook.com\/Fore97","article_published_time":"2026-04-10T17:44:57+00:00","article_modified_time":"2026-04-10T17:45:22+00:00","author":"fore971","twitter_card":"summary_large_image","twitter_misc":{"\u00c9crit par":"fore971","Dur\u00e9e de lecture estim\u00e9e":"3 minutes"},"schema":{"@context":"https:\/\/schema.org","@graph":[{"@type":"Article","@id":"https:\/\/www.fore.fr\/apprentissage\/bts-economie-sociale-familiale\/#article","isPartOf":{"@id":"https:\/\/www.fore.fr\/apprentissage\/bts-economie-sociale-familiale\/"},"author":{"name":"fore971","@id":"https:\/\/www.fore.fr\/apprentissage\/#\/schema\/person\/f45be1acbe26dbf632745c675deec333"},"headline":"BTS ECONOMIE SOCIALE FAMILIALE","datePublished":"2026-04-10T17:44:57+00:00","dateModified":"2026-04-10T17:45:22+00:00","mainEntityOfPage":{"@id":"https:\/\/www.fore.fr\/apprentissage\/bts-economie-sociale-familiale\/"},"wordCount":612,"publisher":{"@id":"https:\/\/www.fore.fr\/apprentissage\/#organization"},"articleSection":["Apprentissage","BTS","NIVEAU 5","SOCIAL"],"inLanguage":"fr-FR"},{"@type":"WebPage","@id":"https:\/\/www.fore.fr\/apprentissage\/bts-economie-sociale-familiale\/","url":"https:\/\/www.fore.fr\/apprentissage\/bts-economie-sociale-familiale\/","name":"BTS ECONOMIE SOCIALE FAMILIALE - FORE ALTERNANCE","isPartOf":{"@id":"https:\/\/www.fore.fr\/apprentissage\/#website"},"datePublished":"2026-04-10T17:44:57+00:00","dateModified":"2026-04-10T17:45:22+00:00","description":"FORE ALTERNANCE - D\u00e9couvrez notre offre de formation compl\u00e8te en distanciel !","breadcrumb":{"@id":"https:\/\/www.fore.fr\/apprentissage\/bts-economie-sociale-familiale\/#breadcrumb"},"inLanguage":"fr-FR","potentialAction":[{"@type":"ReadAction","target":["https:\/\/www.fore.fr\/apprentissage\/bts-economie-sociale-familiale\/"]}]},{"@type":"BreadcrumbList","@id":"https:\/\/www.fore.fr\/apprentissage\/bts-economie-sociale-familiale\/#breadcrumb","itemListElement":[{"@type":"ListItem","position":1,"name":"Accueil","item":"https:\/\/www.fore.fr\/apprentissage\/"},{"@type":"ListItem","position":2,"name":"BTS ECONOMIE SOCIALE FAMILIALE"}]},{"@type":"WebSite","@id":"https:\/\/www.fore.fr\/apprentissage\/#website","url":"https:\/\/www.fore.fr\/apprentissage\/","name":"FORE ALTERNANCE","description":"D\u00c9COUVREZ NOTRE OFFRE DE FORMATION COMPL\u00c8TE EN APPRENTISSAGE &amp; PROFESSIONNALISATION !","publisher":{"@id":"https:\/\/www.fore.fr\/apprentissage\/#organization"},"potentialAction":[{"@type":"SearchAction","target":{"@type":"EntryPoint","urlTemplate":"https:\/\/www.fore.fr\/apprentissage\/?s={search_term_string}"},"query-input":"required name=search_term_string"}],"inLanguage":"fr-FR"},{"@type":"Organization","@id":"https:\/\/www.fore.fr\/apprentissage\/#organization","name":"Fore","url":"https:\/\/www.fore.fr\/apprentissage\/","logo":{"@type":"ImageObject","inLanguage":"fr-FR","@id":"https:\/\/www.fore.fr\/apprentissage\/#\/schema\/logo\/image\/","url":"","contentUrl":"","caption":"Fore"},"image":{"@id":"https:\/\/www.fore.fr\/apprentissage\/#\/schema\/logo\/image\/"},"sameAs":["https:\/\/www.facebook.com\/Fore97","https:\/\/www.instagram.com\/fore.formation"]},{"@type":"Person","@id":"https:\/\/www.fore.fr\/apprentissage\/#\/schema\/person\/f45be1acbe26dbf632745c675deec333","name":"fore971","image":{"@type":"ImageObject","inLanguage":"fr-FR","@id":"https:\/\/www.fore.fr\/apprentissage\/#\/schema\/person\/image\/","url":"https:\/\/secure.gravatar.com\/avatar\/e79e0dc4447cace26f00e3b41dc0f450?s=96&d=mm&r=g","contentUrl":"https:\/\/secure.gravatar.com\/avatar\/e79e0dc4447cace26f00e3b41dc0f450?s=96&d=mm&r=g","caption":"fore971"},"sameAs":["https:\/\/migration.fore.fr\/apprentissage"],"url":"https:\/\/www.fore.fr\/apprentissage\/author\/fore971\/"}]}},"_links":{"self":[{"href":"https:\/\/www.fore.fr\/apprentissage\/wp-json\/wp\/v2\/posts\/7171"}],"collection":[{"href":"https:\/\/www.fore.fr\/apprentissage\/wp-json\/wp\/v2\/posts"}],"about":[{"href":"https:\/\/www.fore.fr\/apprentissage\/wp-json\/wp\/v2\/types\/post"}],"author":[{"embeddable":true,"href":"https:\/\/www.fore.fr\/apprentissage\/wp-json\/wp\/v2\/users\/1"}],"replies":[{"embeddable":true,"href":"https:\/\/www.fore.fr\/apprentissage\/wp-json\/wp\/v2\/comments?post=7171"}],"version-history":[{"count":3,"href":"https:\/\/www.fore.fr\/apprentissage\/wp-json\/wp\/v2\/posts\/7171\/revisions"}],"predecessor-version":[{"id":8874,"href":"https:\/\/www.fore.fr\/apprentissage\/wp-json\/wp\/v2\/posts\/7171\/revisions\/8874"}],"wp:attachment":[{"href":"https:\/\/www.fore.fr\/apprentissage\/wp-json\/wp\/v2\/media?parent=7171"}],"wp:term":[{"taxonomy":"category","embeddable":true,"href":"https:\/\/www.fore.fr\/apprentissage\/wp-json\/wp\/v2\/categories?post=7171"},{"taxonomy":"post_tag","embeddable":true,"href":"https:\/\/www.fore.fr\/apprentissage\/wp-json\/wp\/v2\/tags?post=7171"}],"curies":[{"name":"wp","href":"https:\/\/api.w.org\/{rel}","templated":true}]}}