{"id":2335,"date":"2024-06-25T18:18:08","date_gmt":"2024-06-25T16:18:08","guid":{"rendered":"https:\/\/www.fore.fr\/idn\/?p=2335"},"modified":"2026-01-13T19:31:12","modified_gmt":"2026-01-13T18:31:12","slug":"montage-demontage-utilisation-dun-echafaudage-fixe","status":"publish","type":"post","link":"https:\/\/www.fore.fr\/idn\/montage-demontage-utilisation-dun-echafaudage-fixe\/","title":{"rendered":"MONTAGE, D\u00c9MONTAGE, UTILISATION D&rsquo;UN \u00c9CHAFAUDAGE FIXE"},"content":{"rendered":"\n<p class=\"has-text-align-center has-white-color has-black-background-color has-text-color has-background\"><strong>D\u00c9TAILS<\/strong><\/p>\n\n\n\n<div class=\"wp-block-columns is-layout-flex wp-container-core-columns-layout-1 wp-block-columns-is-layout-flex\">\n<div class=\"wp-block-column is-layout-flow wp-block-column-is-layout-flow\" style=\"flex-basis:250px\">\n<p class=\"has-white-color has-text-color has-background\" style=\"background-color:#e4032c\">Du 29\/03\/2023<br>au 30\/03\/2023<br><strong>DATE DE POSITIONNEMENT :<\/strong><br>MARS 2023<br><strong>DUR\u00c9E :<\/strong> 14H<\/p>\n<\/div>\n\n\n\n<div class=\"wp-block-column is-layout-flow wp-block-column-is-layout-flow\" style=\"flex-basis:250px\">\n<figure class=\"wp-block-image size-large\"><a href=\"https:\/\/www.fore.fr\/idn\/wp-content\/uploads\/2023\/02\/FORE-IDN-MODELE-ECHAFFAUDAGE-1.jpg\" target=\"_blank\" rel=\"noopener\"><img loading=\"lazy\" decoding=\"async\" width=\"710\" height=\"1024\" src=\"https:\/\/www.fore.fr\/idn\/wp-content\/uploads\/2023\/02\/FORE-IDN-MODELE-ECHAFFAUDAGE-1-710x1024.jpg\" alt=\"\" class=\"wp-image-2379\" srcset=\"https:\/\/www.fore.fr\/idn\/wp-content\/uploads\/2023\/02\/FORE-IDN-MODELE-ECHAFFAUDAGE-1-710x1024.jpg 710w, https:\/\/www.fore.fr\/idn\/wp-content\/uploads\/2023\/02\/FORE-IDN-MODELE-ECHAFFAUDAGE-1-208x300.jpg 208w, https:\/\/www.fore.fr\/idn\/wp-content\/uploads\/2023\/02\/FORE-IDN-MODELE-ECHAFFAUDAGE-1-768x1108.jpg 768w, https:\/\/www.fore.fr\/idn\/wp-content\/uploads\/2023\/02\/FORE-IDN-MODELE-ECHAFFAUDAGE-1.jpg 827w\" sizes=\"(max-width: 710px) 100vw, 710px\" \/><\/a><\/figure>\n<\/div>\n<\/div>\n\n\n\n<div class=\"wp-block-columns is-layout-flex wp-container-core-columns-layout-2 wp-block-columns-is-layout-flex\">\n<div class=\"wp-block-column is-layout-flow wp-block-column-is-layout-flow\">\n<p class=\"has-small-font-size\"><strong>PR\u00c9-REQUIS<br><\/strong>\u2022 \u00catre reconnu m\u00e9dicalement apte au travail en hauteur. Pas de restriction au port de charges.<br>\u2022 Connaissance de la langue fran\u00e7aise n\u00e9cessaire \u00e0 la compr\u00e9hension de la notice du fabricant (textes et dessins).<\/p>\n<\/div>\n\n\n\n<div class=\"wp-block-column is-layout-flow wp-block-column-is-layout-flow\">\n<p><strong>CONTACTS<\/strong><\/p>\n\n\n\n<p><strong>FORE ILES DU NORD<\/strong><br><strong>0590 87 41 20<\/strong><br><a href=\"mailto:idn@fore.fr\">idn@fore.fr<\/a><\/p>\n<\/div>\n<\/div>\n\n\n\n<p><strong>OBJECTIFS PEDAGOGIQUES :<\/strong><br>\u2022 Proc\u00e9der au montage, \u00e0 la modification et au d\u00e9montage d\u2019un \u00e9chafaudage de pied conform\u00e9ment \u00e0 la notice du fabricant,<br>\u2022 Utiliser un \u00e9chafaudage en toute s\u00e9curit\u00e9 en respectant les instructions de la notice du fabricant.<\/p>\n\n\n\n<hr class=\"wp-block-separator has-css-opacity is-style-wide\"\/>\n\n\n\n<div data-wp-interactive=\"\" class=\"wp-block-file\"><object data-wp-bind--hidden=\"!selectors.core.file.hasPdfPreview\" hidden class=\"wp-block-file__embed\" data=\"https:\/\/www.fore.fr\/idn\/wp-content\/uploads\/2023\/02\/FORE-IDN-MODELE-ECHAFFAUDAGE.pdf\" type=\"application\/pdf\" style=\"width:100%;height:600px\" aria-label=\"Contenu embarqu\u00e9 MONTAGE, D\u00c9MONTAGE, UTILISATION D'UN \u00c9CHAFAUDAGE FIXE.\"><\/object><a id=\"wp-block-file--media-c5905685-55c3-4e41-8c42-c62a9eeaa1c3\" href=\"https:\/\/www.fore.fr\/idn\/wp-content\/uploads\/2023\/02\/FORE-IDN-MODELE-ECHAFFAUDAGE.pdf\">MONTAGE, D\u00c9MONTAGE, UTILISATION D&rsquo;UN \u00c9CHAFAUDAGE FIXE<\/a><a href=\"https:\/\/www.fore.fr\/idn\/wp-content\/uploads\/2023\/02\/FORE-IDN-MODELE-ECHAFFAUDAGE.pdf\" class=\"wp-block-file__button wp-element-button\" download aria-describedby=\"wp-block-file--media-c5905685-55c3-4e41-8c42-c62a9eeaa1c3\">T\u00e9l\u00e9charger<\/a><\/div>\n\n\n\n<h2 class=\"wp-block-heading has-text-align-center has-white-color has-text-color has-background\" style=\"background-color:#e4032c\"><strong>MODALIT\u00c9S<\/strong><\/h2>\n\n\n\n<p><strong>MODALITES P\u00c9DAGOGIQUES :<\/strong> De nombreux exercices et applications tout au long de la formation. Formation th\u00e9orique et pratique faisant appel aux situations des participants (mise en application sur site).<br>P\u00e9dagogie active et participative.<\/p>\n\n\n\n<p><strong>SELECTION &amp; EVALUATION :<\/strong> Une \u00e9valuation formative est e\u2002ectu\u00e9e par le formateur tout au long du stage. Test th\u00e9orique et pratique r\u00e9alis\u00e9 en fin de formation, Une \u00e9valuation de la qualit\u00e9 permettant d\u2019exprimer leur ressenti vis-\u00e0-vis de la formation<\/p>\n\n\n\n<p><strong>ACCESSIBILITE DU LIEU ET MODALITES PEDAGOGIQUES ADAPTEE AUX PERSONNES EN SITUATION DE HANDICAP<\/strong> : Salle adapt\u00e9e et du mat\u00e9riel sp\u00e9cifique pour r\u00e9pondre \u00e0 des besoins d&rsquo;accessibilit\u00e9, place de parking r\u00e9serv\u00e9e, animation et rythme de formation adapt\u00e9s, suivi individuel renforc\u00e9<\/p>\n\n\n\n<h2 class=\"wp-block-heading has-text-align-center has-white-color has-text-color has-background\" style=\"background-color:#e4032c\"><strong>PROGRAMME<\/strong><\/h2>\n\n\n\n<div class=\"wp-block-columns is-layout-flex wp-container-core-columns-layout-3 wp-block-columns-is-layout-flex\">\n<div class=\"wp-block-column is-layout-flow wp-block-column-is-layout-flow\" style=\"flex-basis:250px\">\n<p class=\"has-small-font-size\">\u2022 Les diff\u00e9rents types d\u2019\u00e9chafaudage<br>\u2022 Les responsabilit\u00e9s du monteur \/utilisateur<br>\u2022 Exploitation de la notice du fabricant<br>\u2022 Am\u00e9nagement de l\u2019aire de travail<br>\u2022 S\u00e9curit\u00e9 pour travaux en hauteur<\/p>\n<\/div>\n\n\n\n<div class=\"wp-block-column is-layout-flow wp-block-column-is-layout-flow\" style=\"flex-basis:250px\">\n<p class=\"has-small-font-size\">\u2022 Montage et d\u00e9montage d\u2019un \u00e9chafaudage<br>\u2022 Installation des planchers<br>\u2022 Stabilit\u00e9 de l\u2019\u00e9chafaudage<br>\u2022 Principes de manutention<br>\u2022 Condition d\u2019utilisation d\u2019un \u00e9chafaudage.<\/p>\n<\/div>\n<\/div>\n\n\n\n<hr class=\"wp-block-separator has-css-opacity is-style-wide\"\/>\n\n\n\n<p><mark style=\"background-color:rgba(0, 0, 0, 0);color:#e70031\" class=\"has-inline-color\"><strong>Je souhaite m&rsquo;inscrire \u00e0 cette formation<\/strong><\/mark><\/p>\n\n\n\n<div class=\"wpcf7 no-js\" id=\"wpcf7-f156-o1\" lang=\"fr-FR\" dir=\"ltr\">\n<div class=\"screen-reader-response\"><p role=\"status\" aria-live=\"polite\" aria-atomic=\"true\"><\/p> <ul><\/ul><\/div>\n<form action=\"\/idn\/wp-json\/wp\/v2\/posts\/2335#wpcf7-f156-o1\" method=\"post\" class=\"wpcf7-form init\" aria-label=\"Formulaire de contact\" enctype=\"multipart\/form-data\" novalidate=\"novalidate\" data-status=\"init\">\n<div style=\"display: none;\">\n<input type=\"hidden\" name=\"_wpcf7\" value=\"156\" \/>\n<input type=\"hidden\" name=\"_wpcf7_version\" value=\"5.9.8\" \/>\n<input type=\"hidden\" name=\"_wpcf7_locale\" value=\"fr_FR\" \/>\n<input type=\"hidden\" name=\"_wpcf7_unit_tag\" value=\"wpcf7-f156-o1\" \/>\n<input type=\"hidden\" name=\"_wpcf7_container_post\" value=\"0\" \/>\n<input type=\"hidden\" name=\"_wpcf7_posted_data_hash\" value=\"\" \/>\n<\/div>\n<p><label> Merci de choisir la formation concern\u00e9e :<br \/>\n<span class=\"wpcf7-form-control-wrap\" data-name=\"listeformation\"><select class=\"wpcf7-form-control wpcf7-select wpcf7-validates-as-required\" aria-required=\"true\" aria-invalid=\"false\" name=\"listeformation\"><option value=\"\">&#8212;Veuillez choisir une option&#8212;<\/option><option value=\"TITRE PROFESSIONNEL AGENT DE S\u00dbRETE ET DE SECURITE PRIVEE\">TITRE PROFESSIONNEL AGENT DE S\u00dbRETE ET DE SECURITE PRIVEE<\/option><option value=\"FORMATION FORMATEUR PROFESSIONNEL D\u2019ADULTES\">FORMATION FORMATEUR PROFESSIONNEL D\u2019ADULTES<\/option><option value=\"CONCEPTEUR DE PRODUIT TOURISTIQUE\">CONCEPTEUR DE PRODUIT TOURISTIQUE<\/option><option value=\"REMOBILISATION : PREPARATION A L\u2019APPRENTISSAGE ET A LA FORMATION\">REMOBILISATION : PREPARATION A L\u2019APPRENTISSAGE ET A LA FORMATION<\/option><option value=\"PREPARATION A L\u2019HABILITATION ELECTRIQUE\">PREPARATION A L\u2019HABILITATION ELECTRIQUE<\/option><option value=\"PASSEPORT DE COMP\u00c9TENCES INFORMATIQUE EUROPEEN\">PASSEPORT DE COMP\u00c9TENCES INFORMATIQUE EUROPEEN<\/option><option value=\"MONTAGE, D\u00c9MONTAGE, UTILISATION D\u2019UN \u00c9CHAFAUDAGE FIXE\">MONTAGE, D\u00c9MONTAGE, UTILISATION D\u2019UN \u00c9CHAFAUDAGE FIXE<\/option><option value=\"AUTORISATION DE CONDUITE NACELLE\">AUTORISATION DE CONDUITE NACELLE<\/option><option value=\"PREPARATION A L\u2019AUTORISATION POUR LE TRAVAIL EN HAUTEUR\">PREPARATION A L\u2019AUTORISATION POUR LE TRAVAIL EN HAUTEUR<\/option><\/select><\/span><br \/>\n<\/label><br \/>\n<label> Votre nom (obligatoire)<br \/>\n<span class=\"wpcf7-form-control-wrap\" data-name=\"your-name\"><input size=\"40\" maxlength=\"400\" class=\"wpcf7-form-control wpcf7-text wpcf7-validates-as-required\" aria-required=\"true\" aria-invalid=\"false\" value=\"\" type=\"text\" name=\"your-name\" \/><\/span> <\/label>\n<\/p>\n<p><label> Votre Email (obligatoire)<br \/>\n<span class=\"wpcf7-form-control-wrap\" data-name=\"your-email\"><input size=\"40\" maxlength=\"400\" class=\"wpcf7-form-control wpcf7-email wpcf7-validates-as-required wpcf7-text wpcf7-validates-as-email\" aria-required=\"true\" aria-invalid=\"false\" value=\"\" type=\"email\" name=\"your-email\" \/><\/span> <\/label><br \/>\n<label> Votre t\u00e9l\u00e9phone <span class=\"wpcf7-form-control-wrap\" data-name=\"tel-704\"><input size=\"40\" maxlength=\"400\" class=\"wpcf7-form-control wpcf7-tel wpcf7-validates-as-required wpcf7-text wpcf7-validates-as-tel\" aria-required=\"true\" aria-invalid=\"false\" value=\"\" type=\"tel\" name=\"tel-704\" \/><\/span><\/label><br \/>\n<label> Objet<br \/>\n<span class=\"wpcf7-form-control-wrap\" data-name=\"your-subject\"><input size=\"40\" maxlength=\"400\" class=\"wpcf7-form-control wpcf7-text\" aria-invalid=\"false\" value=\"\" type=\"text\" name=\"your-subject\" \/><\/span> <\/label>\n<\/p>\n<p><label> Votre message<br \/>\n<span class=\"wpcf7-form-control-wrap\" data-name=\"your-message\"><textarea cols=\"40\" rows=\"10\" maxlength=\"2000\" class=\"wpcf7-form-control wpcf7-textarea\" aria-invalid=\"false\" name=\"your-message\"><\/textarea><\/span> <\/label><br \/>\n<label> Vous pouvez nous envoyer votre CV si vous le souhaitez :<br \/>\n<span class=\"wpcf7-form-control-wrap\" data-name=\"file-707\"><input size=\"40\" class=\"wpcf7-form-control wpcf7-file\" accept=\"audio\/*,video\/*,image\/*\" aria-invalid=\"false\" type=\"file\" name=\"file-707\" \/><\/span> <\/label>\n<\/p>\n<p><input class=\"wpcf7-form-control wpcf7-submit has-spinner\" type=\"submit\" value=\"Envoyer\" \/>\n<\/p><p style=\"display: none !important;\"><label>&#916;<textarea name=\"_wpcf7_ak_hp_textarea\" cols=\"45\" rows=\"8\" maxlength=\"100\"><\/textarea><\/label><input type=\"hidden\" id=\"ak_js_1\" name=\"_wpcf7_ak_js\" value=\"127\"\/><script>document.getElementById( \"ak_js_1\" ).setAttribute( \"value\", ( new Date() ).getTime() );<\/script><\/p><div class=\"wpcf7-response-output\" aria-hidden=\"true\"><\/div>\n<\/form>\n<\/div>\n\n\n\n\n<p><\/p>\n","protected":false},"excerpt":{"rendered":"<p>D\u00c9TAILS Du 29\/03\/2023au 30\/03\/2023DATE DE POSITIONNEMENT :MARS 2023DUR\u00c9E : 14H PR\u00c9-REQUIS\u2022 \u00catre reconnu m\u00e9dicalement apte au travail en hauteur. Pas de restriction au port de charges.\u2022 Connaissance de la langue fran\u00e7aise n\u00e9cessaire \u00e0 la compr\u00e9hension de la notice du fabricant (textes et dessins). CONTACTS FORE ILES DU NORD0590 87 41 20idn@fore.fr OBJECTIFS PEDAGOGIQUES :\u2022 Proc\u00e9der &hellip; <\/p>\n<p class=\"link-more\"><a href=\"https:\/\/www.fore.fr\/idn\/montage-demontage-utilisation-dun-echafaudage-fixe\/\" class=\"more-link\">Continuer la lecture<span class=\"screen-reader-text\"> de &laquo;&nbsp;MONTAGE, D\u00c9MONTAGE, UTILISATION D&rsquo;UN \u00c9CHAFAUDAGE FIXE&nbsp;&raquo;<\/span><\/a><\/p>\n","protected":false},"author":1,"featured_media":2337,"comment_status":"closed","ping_status":"closed","sticky":false,"template":"","format":"standard","meta":{"footnotes":""},"categories":[20],"tags":[],"yoast_head":"<!-- This site is optimized with the Yoast SEO plugin v23.5 - https:\/\/yoast.com\/wordpress\/plugins\/seo\/ -->\n<title>Montage, d\u00e9montage et utilisation d\u2019un \u00e9chafaudage fixe \u2013 FORE Iles du Nord<\/title>\n<meta name=\"description\" content=\"Apprenez \u00e0 monter, utiliser et d\u00e9monter un \u00e9chafaudage fixe en toute s\u00e9curit\u00e9 avec FORE Iles du Nord. Formation pratique conforme aux bonnes pratiques de pr\u00e9vention des risques en hauteur.\" \/>\n<meta name=\"robots\" content=\"index, follow, max-snippet:-1, max-image-preview:large, max-video-preview:-1\" \/>\n<link rel=\"canonical\" href=\"https:\/\/www.fore.fr\/idn\/montage-demontage-utilisation-dun-echafaudage-fixe\/\" \/>\n<meta property=\"og:locale\" content=\"fr_FR\" \/>\n<meta property=\"og:type\" content=\"article\" \/>\n<meta property=\"og:title\" content=\"Montage, d\u00e9montage et utilisation d\u2019un \u00e9chafaudage fixe \u2013 FORE Iles du Nord\" \/>\n<meta property=\"og:description\" content=\"Apprenez \u00e0 monter, utiliser et d\u00e9monter un \u00e9chafaudage fixe en toute s\u00e9curit\u00e9 avec FORE Iles du Nord. Formation pratique conforme aux bonnes pratiques de pr\u00e9vention des risques en hauteur.\" \/>\n<meta property=\"og:url\" content=\"https:\/\/www.fore.fr\/idn\/montage-demontage-utilisation-dun-echafaudage-fixe\/\" \/>\n<meta property=\"og:site_name\" content=\"Formations Fore Iles du Nord\" \/>\n<meta property=\"article:publisher\" content=\"https:\/\/www.facebook.com\/Fore97\" \/>\n<meta property=\"article:published_time\" content=\"2024-06-25T16:18:08+00:00\" \/>\n<meta property=\"article:modified_time\" content=\"2026-01-13T18:31:12+00:00\" \/>\n<meta property=\"og:image\" content=\"https:\/\/www.fore.fr\/idn\/wp-content\/uploads\/2023\/02\/FORE-IDN-MODELE-ECHAFFAUDAGE-e1675896286756.jpg\" \/>\n\t<meta property=\"og:image:width\" content=\"100\" \/>\n\t<meta property=\"og:image:height\" content=\"144\" \/>\n\t<meta property=\"og:image:type\" content=\"image\/jpeg\" \/>\n<meta name=\"author\" content=\"fore971\" \/>\n<meta name=\"twitter:card\" content=\"summary_large_image\" \/>\n<meta name=\"twitter:label1\" content=\"\u00c9crit par\" \/>\n\t<meta name=\"twitter:data1\" content=\"fore971\" \/>\n\t<meta name=\"twitter:label2\" content=\"Dur\u00e9e de lecture estim\u00e9e\" \/>\n\t<meta name=\"twitter:data2\" content=\"2 minutes\" \/>\n<script type=\"application\/ld+json\" class=\"yoast-schema-graph\">{\"@context\":\"https:\/\/schema.org\",\"@graph\":[{\"@type\":\"Article\",\"@id\":\"https:\/\/www.fore.fr\/idn\/montage-demontage-utilisation-dun-echafaudage-fixe\/#article\",\"isPartOf\":{\"@id\":\"https:\/\/www.fore.fr\/idn\/montage-demontage-utilisation-dun-echafaudage-fixe\/\"},\"author\":{\"name\":\"fore971\",\"@id\":\"https:\/\/www.fore.fr\/idn\/#\/schema\/person\/286716c0539a760b99bba6401070c999\"},\"headline\":\"MONTAGE, D\u00c9MONTAGE, UTILISATION D&rsquo;UN \u00c9CHAFAUDAGE FIXE\",\"datePublished\":\"2024-06-25T16:18:08+00:00\",\"dateModified\":\"2026-01-13T18:31:12+00:00\",\"mainEntityOfPage\":{\"@id\":\"https:\/\/www.fore.fr\/idn\/montage-demontage-utilisation-dun-echafaudage-fixe\/\"},\"wordCount\":308,\"publisher\":{\"@id\":\"https:\/\/www.fore.fr\/idn\/#organization\"},\"image\":{\"@id\":\"https:\/\/www.fore.fr\/idn\/montage-demontage-utilisation-dun-echafaudage-fixe\/#primaryimage\"},\"thumbnailUrl\":\"https:\/\/www.fore.fr\/idn\/wp-content\/uploads\/2023\/02\/FORE-IDN-MODELE-ECHAFFAUDAGE-e1675896286756.jpg\",\"articleSection\":[\"Professionnelles\"],\"inLanguage\":\"fr-FR\"},{\"@type\":\"WebPage\",\"@id\":\"https:\/\/www.fore.fr\/idn\/montage-demontage-utilisation-dun-echafaudage-fixe\/\",\"url\":\"https:\/\/www.fore.fr\/idn\/montage-demontage-utilisation-dun-echafaudage-fixe\/\",\"name\":\"Montage, d\u00e9montage et utilisation d\u2019un \u00e9chafaudage fixe \u2013 FORE Iles du Nord\",\"isPartOf\":{\"@id\":\"https:\/\/www.fore.fr\/idn\/#website\"},\"primaryImageOfPage\":{\"@id\":\"https:\/\/www.fore.fr\/idn\/montage-demontage-utilisation-dun-echafaudage-fixe\/#primaryimage\"},\"image\":{\"@id\":\"https:\/\/www.fore.fr\/idn\/montage-demontage-utilisation-dun-echafaudage-fixe\/#primaryimage\"},\"thumbnailUrl\":\"https:\/\/www.fore.fr\/idn\/wp-content\/uploads\/2023\/02\/FORE-IDN-MODELE-ECHAFFAUDAGE-e1675896286756.jpg\",\"datePublished\":\"2024-06-25T16:18:08+00:00\",\"dateModified\":\"2026-01-13T18:31:12+00:00\",\"description\":\"Apprenez \u00e0 monter, utiliser et d\u00e9monter un \u00e9chafaudage fixe en toute s\u00e9curit\u00e9 avec FORE Iles du Nord. Formation pratique conforme aux bonnes pratiques de pr\u00e9vention des risques en hauteur.\",\"breadcrumb\":{\"@id\":\"https:\/\/www.fore.fr\/idn\/montage-demontage-utilisation-dun-echafaudage-fixe\/#breadcrumb\"},\"inLanguage\":\"fr-FR\",\"potentialAction\":[{\"@type\":\"ReadAction\",\"target\":[\"https:\/\/www.fore.fr\/idn\/montage-demontage-utilisation-dun-echafaudage-fixe\/\"]}]},{\"@type\":\"ImageObject\",\"inLanguage\":\"fr-FR\",\"@id\":\"https:\/\/www.fore.fr\/idn\/montage-demontage-utilisation-dun-echafaudage-fixe\/#primaryimage\",\"url\":\"https:\/\/www.fore.fr\/idn\/wp-content\/uploads\/2023\/02\/FORE-IDN-MODELE-ECHAFFAUDAGE-e1675896286756.jpg\",\"contentUrl\":\"https:\/\/www.fore.fr\/idn\/wp-content\/uploads\/2023\/02\/FORE-IDN-MODELE-ECHAFFAUDAGE-e1675896286756.jpg\",\"width\":100,\"height\":144},{\"@type\":\"BreadcrumbList\",\"@id\":\"https:\/\/www.fore.fr\/idn\/montage-demontage-utilisation-dun-echafaudage-fixe\/#breadcrumb\",\"itemListElement\":[{\"@type\":\"ListItem\",\"position\":1,\"name\":\"Accueil\",\"item\":\"https:\/\/www.fore.fr\/idn\/\"},{\"@type\":\"ListItem\",\"position\":2,\"name\":\"MONTAGE, D\u00c9MONTAGE, UTILISATION D&rsquo;UN \u00c9CHAFAUDAGE FIXE\"}]},{\"@type\":\"WebSite\",\"@id\":\"https:\/\/www.fore.fr\/idn\/#website\",\"url\":\"https:\/\/www.fore.fr\/idn\/\",\"name\":\"Formations Fore Iles du Nord\",\"description\":\"D\u00c9COUVREZ NOTRE OFFRE DE FORMATION COMPL\u00c8TE A SAINT-MARTIN !\",\"publisher\":{\"@id\":\"https:\/\/www.fore.fr\/idn\/#organization\"},\"potentialAction\":[{\"@type\":\"SearchAction\",\"target\":{\"@type\":\"EntryPoint\",\"urlTemplate\":\"https:\/\/www.fore.fr\/idn\/?s={search_term_string}\"},\"query-input\":{\"@type\":\"PropertyValueSpecification\",\"valueRequired\":true,\"valueName\":\"search_term_string\"}}],\"inLanguage\":\"fr-FR\"},{\"@type\":\"Organization\",\"@id\":\"https:\/\/www.fore.fr\/idn\/#organization\",\"name\":\"Fore\",\"url\":\"https:\/\/www.fore.fr\/idn\/\",\"logo\":{\"@type\":\"ImageObject\",\"inLanguage\":\"fr-FR\",\"@id\":\"https:\/\/www.fore.fr\/idn\/#\/schema\/logo\/image\/\",\"url\":\"\",\"contentUrl\":\"\",\"caption\":\"Fore\"},\"image\":{\"@id\":\"https:\/\/www.fore.fr\/idn\/#\/schema\/logo\/image\/\"},\"sameAs\":[\"https:\/\/www.facebook.com\/Fore97\",\"https:\/\/www.instagram.com\/fore.formation\"]},{\"@type\":\"Person\",\"@id\":\"https:\/\/www.fore.fr\/idn\/#\/schema\/person\/286716c0539a760b99bba6401070c999\",\"name\":\"fore971\",\"image\":{\"@type\":\"ImageObject\",\"inLanguage\":\"fr-FR\",\"@id\":\"https:\/\/www.fore.fr\/idn\/#\/schema\/person\/image\/\",\"url\":\"https:\/\/secure.gravatar.com\/avatar\/e79e0dc4447cace26f00e3b41dc0f450?s=96&d=mm&r=g\",\"contentUrl\":\"https:\/\/secure.gravatar.com\/avatar\/e79e0dc4447cace26f00e3b41dc0f450?s=96&d=mm&r=g\",\"caption\":\"fore971\"},\"sameAs\":[\"https:\/\/migration.fore.fr\/idn\"],\"url\":\"https:\/\/www.fore.fr\/idn\/author\/fore971\/\"}]}<\/script>\n<!-- \/ Yoast SEO plugin. -->","yoast_head_json":{"title":"Montage, d\u00e9montage et utilisation d\u2019un \u00e9chafaudage fixe \u2013 FORE Iles du Nord","description":"Apprenez \u00e0 monter, utiliser et d\u00e9monter un \u00e9chafaudage fixe en toute s\u00e9curit\u00e9 avec FORE Iles du Nord. Formation pratique conforme aux bonnes pratiques de pr\u00e9vention des risques en hauteur.","robots":{"index":"index","follow":"follow","max-snippet":"max-snippet:-1","max-image-preview":"max-image-preview:large","max-video-preview":"max-video-preview:-1"},"canonical":"https:\/\/www.fore.fr\/idn\/montage-demontage-utilisation-dun-echafaudage-fixe\/","og_locale":"fr_FR","og_type":"article","og_title":"Montage, d\u00e9montage et utilisation d\u2019un \u00e9chafaudage fixe \u2013 FORE Iles du Nord","og_description":"Apprenez \u00e0 monter, utiliser et d\u00e9monter un \u00e9chafaudage fixe en toute s\u00e9curit\u00e9 avec FORE Iles du Nord. Formation pratique conforme aux bonnes pratiques de pr\u00e9vention des risques en hauteur.","og_url":"https:\/\/www.fore.fr\/idn\/montage-demontage-utilisation-dun-echafaudage-fixe\/","og_site_name":"Formations Fore Iles du Nord","article_publisher":"https:\/\/www.facebook.com\/Fore97","article_published_time":"2024-06-25T16:18:08+00:00","article_modified_time":"2026-01-13T18:31:12+00:00","og_image":[{"width":100,"height":144,"url":"https:\/\/www.fore.fr\/idn\/wp-content\/uploads\/2023\/02\/FORE-IDN-MODELE-ECHAFFAUDAGE-e1675896286756.jpg","type":"image\/jpeg"}],"author":"fore971","twitter_card":"summary_large_image","twitter_misc":{"\u00c9crit par":"fore971","Dur\u00e9e de lecture estim\u00e9e":"2 minutes"},"schema":{"@context":"https:\/\/schema.org","@graph":[{"@type":"Article","@id":"https:\/\/www.fore.fr\/idn\/montage-demontage-utilisation-dun-echafaudage-fixe\/#article","isPartOf":{"@id":"https:\/\/www.fore.fr\/idn\/montage-demontage-utilisation-dun-echafaudage-fixe\/"},"author":{"name":"fore971","@id":"https:\/\/www.fore.fr\/idn\/#\/schema\/person\/286716c0539a760b99bba6401070c999"},"headline":"MONTAGE, D\u00c9MONTAGE, UTILISATION D&rsquo;UN \u00c9CHAFAUDAGE FIXE","datePublished":"2024-06-25T16:18:08+00:00","dateModified":"2026-01-13T18:31:12+00:00","mainEntityOfPage":{"@id":"https:\/\/www.fore.fr\/idn\/montage-demontage-utilisation-dun-echafaudage-fixe\/"},"wordCount":308,"publisher":{"@id":"https:\/\/www.fore.fr\/idn\/#organization"},"image":{"@id":"https:\/\/www.fore.fr\/idn\/montage-demontage-utilisation-dun-echafaudage-fixe\/#primaryimage"},"thumbnailUrl":"https:\/\/www.fore.fr\/idn\/wp-content\/uploads\/2023\/02\/FORE-IDN-MODELE-ECHAFFAUDAGE-e1675896286756.jpg","articleSection":["Professionnelles"],"inLanguage":"fr-FR"},{"@type":"WebPage","@id":"https:\/\/www.fore.fr\/idn\/montage-demontage-utilisation-dun-echafaudage-fixe\/","url":"https:\/\/www.fore.fr\/idn\/montage-demontage-utilisation-dun-echafaudage-fixe\/","name":"Montage, d\u00e9montage et utilisation d\u2019un \u00e9chafaudage fixe \u2013 FORE Iles du Nord","isPartOf":{"@id":"https:\/\/www.fore.fr\/idn\/#website"},"primaryImageOfPage":{"@id":"https:\/\/www.fore.fr\/idn\/montage-demontage-utilisation-dun-echafaudage-fixe\/#primaryimage"},"image":{"@id":"https:\/\/www.fore.fr\/idn\/montage-demontage-utilisation-dun-echafaudage-fixe\/#primaryimage"},"thumbnailUrl":"https:\/\/www.fore.fr\/idn\/wp-content\/uploads\/2023\/02\/FORE-IDN-MODELE-ECHAFFAUDAGE-e1675896286756.jpg","datePublished":"2024-06-25T16:18:08+00:00","dateModified":"2026-01-13T18:31:12+00:00","description":"Apprenez \u00e0 monter, utiliser et d\u00e9monter un \u00e9chafaudage fixe en toute s\u00e9curit\u00e9 avec FORE Iles du Nord. Formation pratique conforme aux bonnes pratiques de pr\u00e9vention des risques en hauteur.","breadcrumb":{"@id":"https:\/\/www.fore.fr\/idn\/montage-demontage-utilisation-dun-echafaudage-fixe\/#breadcrumb"},"inLanguage":"fr-FR","potentialAction":[{"@type":"ReadAction","target":["https:\/\/www.fore.fr\/idn\/montage-demontage-utilisation-dun-echafaudage-fixe\/"]}]},{"@type":"ImageObject","inLanguage":"fr-FR","@id":"https:\/\/www.fore.fr\/idn\/montage-demontage-utilisation-dun-echafaudage-fixe\/#primaryimage","url":"https:\/\/www.fore.fr\/idn\/wp-content\/uploads\/2023\/02\/FORE-IDN-MODELE-ECHAFFAUDAGE-e1675896286756.jpg","contentUrl":"https:\/\/www.fore.fr\/idn\/wp-content\/uploads\/2023\/02\/FORE-IDN-MODELE-ECHAFFAUDAGE-e1675896286756.jpg","width":100,"height":144},{"@type":"BreadcrumbList","@id":"https:\/\/www.fore.fr\/idn\/montage-demontage-utilisation-dun-echafaudage-fixe\/#breadcrumb","itemListElement":[{"@type":"ListItem","position":1,"name":"Accueil","item":"https:\/\/www.fore.fr\/idn\/"},{"@type":"ListItem","position":2,"name":"MONTAGE, D\u00c9MONTAGE, UTILISATION D&rsquo;UN \u00c9CHAFAUDAGE FIXE"}]},{"@type":"WebSite","@id":"https:\/\/www.fore.fr\/idn\/#website","url":"https:\/\/www.fore.fr\/idn\/","name":"Formations Fore Iles du Nord","description":"D\u00c9COUVREZ NOTRE OFFRE DE FORMATION COMPL\u00c8TE A SAINT-MARTIN !","publisher":{"@id":"https:\/\/www.fore.fr\/idn\/#organization"},"potentialAction":[{"@type":"SearchAction","target":{"@type":"EntryPoint","urlTemplate":"https:\/\/www.fore.fr\/idn\/?s={search_term_string}"},"query-input":{"@type":"PropertyValueSpecification","valueRequired":true,"valueName":"search_term_string"}}],"inLanguage":"fr-FR"},{"@type":"Organization","@id":"https:\/\/www.fore.fr\/idn\/#organization","name":"Fore","url":"https:\/\/www.fore.fr\/idn\/","logo":{"@type":"ImageObject","inLanguage":"fr-FR","@id":"https:\/\/www.fore.fr\/idn\/#\/schema\/logo\/image\/","url":"","contentUrl":"","caption":"Fore"},"image":{"@id":"https:\/\/www.fore.fr\/idn\/#\/schema\/logo\/image\/"},"sameAs":["https:\/\/www.facebook.com\/Fore97","https:\/\/www.instagram.com\/fore.formation"]},{"@type":"Person","@id":"https:\/\/www.fore.fr\/idn\/#\/schema\/person\/286716c0539a760b99bba6401070c999","name":"fore971","image":{"@type":"ImageObject","inLanguage":"fr-FR","@id":"https:\/\/www.fore.fr\/idn\/#\/schema\/person\/image\/","url":"https:\/\/secure.gravatar.com\/avatar\/e79e0dc4447cace26f00e3b41dc0f450?s=96&d=mm&r=g","contentUrl":"https:\/\/secure.gravatar.com\/avatar\/e79e0dc4447cace26f00e3b41dc0f450?s=96&d=mm&r=g","caption":"fore971"},"sameAs":["https:\/\/migration.fore.fr\/idn"],"url":"https:\/\/www.fore.fr\/idn\/author\/fore971\/"}]}},"_links":{"self":[{"href":"https:\/\/www.fore.fr\/idn\/wp-json\/wp\/v2\/posts\/2335"}],"collection":[{"href":"https:\/\/www.fore.fr\/idn\/wp-json\/wp\/v2\/posts"}],"about":[{"href":"https:\/\/www.fore.fr\/idn\/wp-json\/wp\/v2\/types\/post"}],"author":[{"embeddable":true,"href":"https:\/\/www.fore.fr\/idn\/wp-json\/wp\/v2\/users\/1"}],"replies":[{"embeddable":true,"href":"https:\/\/www.fore.fr\/idn\/wp-json\/wp\/v2\/comments?post=2335"}],"version-history":[{"count":6,"href":"https:\/\/www.fore.fr\/idn\/wp-json\/wp\/v2\/posts\/2335\/revisions"}],"predecessor-version":[{"id":3543,"href":"https:\/\/www.fore.fr\/idn\/wp-json\/wp\/v2\/posts\/2335\/revisions\/3543"}],"wp:featuredmedia":[{"embeddable":true,"href":"https:\/\/www.fore.fr\/idn\/wp-json\/wp\/v2\/media\/2337"}],"wp:attachment":[{"href":"https:\/\/www.fore.fr\/idn\/wp-json\/wp\/v2\/media?parent=2335"}],"wp:term":[{"taxonomy":"category","embeddable":true,"href":"https:\/\/www.fore.fr\/idn\/wp-json\/wp\/v2\/categories?post=2335"},{"taxonomy":"post_tag","embeddable":true,"href":"https:\/\/www.fore.fr\/idn\/wp-json\/wp\/v2\/tags?post=2335"}],"curies":[{"name":"wp","href":"https:\/\/api.w.org\/{rel}","templated":true}]}}