{"id":2601,"date":"2024-06-25T18:20:21","date_gmt":"2024-06-25T16:20:21","guid":{"rendered":"https:\/\/www.fore.fr\/idn\/?p=2601"},"modified":"2026-01-13T19:21:09","modified_gmt":"2026-01-13T18:21:09","slug":"formation-formateur-professionnel-dadultes","status":"publish","type":"post","link":"https:\/\/www.fore.fr\/idn\/formation-formateur-professionnel-dadultes\/","title":{"rendered":"FORMATION FORMATEUR PROFESSIONNEL D&rsquo;ADULTES"},"content":{"rendered":"\n<p class=\"has-text-align-center has-white-color has-black-background-color has-text-color has-background\"><strong>D\u00c9TAILS<\/strong><\/p>\n\n\n\n<div class=\"wp-block-columns is-layout-flex wp-container-core-columns-layout-1 wp-block-columns-is-layout-flex\">\n<div class=\"wp-block-column is-layout-flow wp-block-column-is-layout-flow\" style=\"flex-basis:250px\">\n<p class=\"has-white-color has-text-color has-background\" style=\"background-color:#e4032c\"><strong><strong>DATE : 11 SEPTEMBRE 2023 <\/strong><\/strong><br><strong><strong>au 20 JUILLET 2024<br><\/strong>DUREE : 810H<\/strong><\/p>\n\n\n\n<p class=\"has-small-font-size\"><strong>FINANCEMENT<br>Formation \u00e9ligible au CPF N\u00b0 248128<br><\/strong>FINANCEMENTS OPCO,<br>TRANSITIONS PRO, Entreprises<\/p>\n\n\n\n<p class=\"has-small-font-size\"><strong>CERTIFICATION<br>Dipl\u00f4me de Niveau 3 (CAP\/BEP), enregistr\u00e9 et inscrit au R\u00e9pertoire National des Certifications<br>Professionnelles.<br>Code RNCP : 34095<br>Code Dipl\u00f4me Apprentissage : 32031210<\/strong><\/p>\n<\/div>\n\n\n\n<div class=\"wp-block-column is-layout-flow wp-block-column-is-layout-flow\" style=\"flex-basis:250px\">\n<figure class=\"wp-block-image size-thumbnail\"><a href=\"https:\/\/www.fore.fr\/idn\/wp-content\/uploads\/2023\/07\/FORE-IDN-FORMATION-DE-FORMATEUR.jpg\" target=\"_blank\" rel=\"noopener\"><img loading=\"lazy\" decoding=\"async\" width=\"150\" height=\"150\" src=\"https:\/\/www.fore.fr\/idn\/wp-content\/uploads\/2023\/07\/FORE-IDN-FORMATION-DE-FORMATEUR-150x150.jpg\" alt=\"\" class=\"wp-image-2603\"\/><\/a><figcaption class=\"wp-element-caption\">Fiche m\u00e9tier titre professionnel \u00e9co-jardinier<\/figcaption><\/figure>\n\n\n\n<p><strong>PR\u00c9REQUIS<br>Personnes d\u00e9sirant former \u00e0 un m\u00e9tier ou \u00e0 des activit\u00e9s professionnelles : dipl\u00f4me professionnel correspondant au premier niveau de qualification dans le secteur d&rsquo;activit\u00e9 concern\u00e9 ou \u00e9quivalent et une exp\u00e9rience professionnelle de 3 ans dans ce secteur<\/strong><br><strong>Niveau 4 (bac) ou \u00e9quivalent avec une exp\u00e9rience professionnelle quel que soit le secteur<br>Demandeur d&#8217;emploi et salari\u00e9<\/strong><\/p>\n\n\n\n<p><strong>FORE ILES DU NORD<\/strong><br><strong>0590 87 41 20<\/strong><br><a href=\"mailto:idn@fore.fr\">idn@fore.fr<\/a><\/p>\n<\/div>\n<\/div>\n\n\n\n<hr class=\"wp-block-separator has-css-opacity is-style-wide\"\/>\n\n\n\n<div data-wp-interactive=\"\" class=\"wp-block-file\"><object data-wp-bind--hidden=\"!selectors.core.file.hasPdfPreview\" hidden class=\"wp-block-file__embed\" data=\"https:\/\/www.fore.fr\/idn\/wp-content\/uploads\/2023\/07\/FORE-IDN-FORMATION-DE-FORMATEUR.pdf\" type=\"application\/pdf\" style=\"width:100%;height:600px\" aria-label=\"Contenu embarqu\u00e9 FORMATION FORMATEUR PROFESSIONNEL D'ADULTES.\"><\/object><a id=\"wp-block-file--media-85bce9e8-e6dc-4818-924c-e923598da162\" href=\"https:\/\/www.fore.fr\/idn\/wp-content\/uploads\/2023\/07\/FORE-IDN-FORMATION-DE-FORMATEUR.pdf\">FORMATION FORMATEUR PROFESSIONNEL D&rsquo;ADULTES<\/a><a href=\"https:\/\/www.fore.fr\/idn\/wp-content\/uploads\/2023\/07\/FORE-IDN-FORMATION-DE-FORMATEUR.pdf\" class=\"wp-block-file__button wp-element-button\" download aria-describedby=\"wp-block-file--media-85bce9e8-e6dc-4818-924c-e923598da162\">T\u00e9l\u00e9charger<\/a><\/div>\n\n\n\n<p class=\"has-text-align-center has-white-color has-text-color has-background\" style=\"background-color:#e4032c\"><strong>MODLIT\u00c9S<\/strong><\/p>\n\n\n\n<p><strong>PR\u00c9REQUIS<\/strong><br>La formation s\u2019adresse au demandeur d&#8217;emploi. Ma\u00eetriser les savoirs de base en lecture, \u00e9criture et calculs. <\/p>\n\n\n\n<p><strong>METHODES PEDAGOGIQUES :<br><\/strong>Cours th\u00e9oriques dispens\u00e9s par des formateurs qualifi\u00e9s \u2013 Exercices \u2013 Travaux pratiques<br>\u00c9valuations \u2013 Examens blancs<\/p>\n\n\n\n<p><strong>MOYENS PEDAGOGIQUES :<br><\/strong>Salle informatique connect\u00e9e Internet (fibre optique) \u2013 Documentations sur plateforme TEAMS Vid\u00e9o projecteur \u2013 Mat\u00e9riel salle de formation<\/p>\n\n\n\n<p><strong>SUIVI ET EVALUATIONS :<\/strong> Contr\u00f4les continus. Des \u00e9tudes de cas pratiques sont r\u00e9alis\u00e9es.<br>Le contenu est \u00e9labor\u00e9 \u00e0 partir du r\u00e9f\u00e9rentiel du dipl\u00f4me consultable sur le RNCP. Une progression p\u00e9dagogique est remise par chaque formateur par ann\u00e9e. Un classeur p\u00e9dagogique permet de suivre le d\u00e9roulement de la formation en conformit\u00e9 avec le r\u00e9f\u00e9rentiel. TEAMS permet de t\u00e9l\u00e9charger les cours et de recevoir toutes les informations<br>inh\u00e9rentes \u00e0 la formation. Evaluation en cours de formation (ECF) qui contribuent \u00e0 la validation du titre professionnel. Session de certification avec un jury de professionnels (Mise en situation, productions de documents et questionnement)<\/p>\n\n\n\n<p class=\"has-text-align-center has-white-color has-text-color has-background\" style=\"background-color:#e4032c\"><strong>PROGRAMME<\/strong><\/p>\n\n\n\n<p><strong>Module 1 : Animer une formation et \u00e9valuer les acquis des apprenants<\/strong><\/p>\n\n\n\n<p><strong>Module 2 : Concevoir et pr\u00e9parer la formation<\/strong><\/p>\n\n\n\n<p>M<strong>odule 3 : Accompagner les apprenants en formation<\/strong><\/p>\n\n\n\n<p><strong>CERTIFICATION<\/strong><\/p>\n\n\n\n<hr class=\"wp-block-separator has-css-opacity is-style-wide\"\/>\n\n\n\n<p><mark style=\"background-color:rgba(0, 0, 0, 0);color:#e70031\" class=\"has-inline-color\"><strong>Je souhaite m&rsquo;inscrire \u00e0 cette formation<\/strong><\/mark><\/p>\n\n\n\n<div class=\"wpcf7 no-js\" id=\"wpcf7-f156-o1\" lang=\"fr-FR\" dir=\"ltr\">\n<div class=\"screen-reader-response\"><p role=\"status\" aria-live=\"polite\" aria-atomic=\"true\"><\/p> <ul><\/ul><\/div>\n<form action=\"\/idn\/wp-json\/wp\/v2\/posts\/2601#wpcf7-f156-o1\" method=\"post\" class=\"wpcf7-form init\" aria-label=\"Formulaire de contact\" enctype=\"multipart\/form-data\" novalidate=\"novalidate\" data-status=\"init\">\n<div style=\"display: none;\">\n<input type=\"hidden\" name=\"_wpcf7\" value=\"156\" \/>\n<input type=\"hidden\" name=\"_wpcf7_version\" value=\"5.9.8\" \/>\n<input type=\"hidden\" name=\"_wpcf7_locale\" value=\"fr_FR\" \/>\n<input type=\"hidden\" name=\"_wpcf7_unit_tag\" value=\"wpcf7-f156-o1\" \/>\n<input type=\"hidden\" name=\"_wpcf7_container_post\" value=\"0\" \/>\n<input type=\"hidden\" name=\"_wpcf7_posted_data_hash\" value=\"\" \/>\n<\/div>\n<p><label> Merci de choisir la formation concern\u00e9e :<br \/>\n<span class=\"wpcf7-form-control-wrap\" data-name=\"listeformation\"><select class=\"wpcf7-form-control wpcf7-select wpcf7-validates-as-required\" aria-required=\"true\" aria-invalid=\"false\" name=\"listeformation\"><option value=\"\">&#8212;Veuillez choisir une option&#8212;<\/option><option value=\"TITRE PROFESSIONNEL AGENT DE S\u00dbRETE ET DE SECURITE PRIVEE\">TITRE PROFESSIONNEL AGENT DE S\u00dbRETE ET DE SECURITE PRIVEE<\/option><option value=\"FORMATION FORMATEUR PROFESSIONNEL D\u2019ADULTES\">FORMATION FORMATEUR PROFESSIONNEL D\u2019ADULTES<\/option><option value=\"CONCEPTEUR DE PRODUIT TOURISTIQUE\">CONCEPTEUR DE PRODUIT TOURISTIQUE<\/option><option value=\"REMOBILISATION : PREPARATION A L\u2019APPRENTISSAGE ET A LA FORMATION\">REMOBILISATION : PREPARATION A L\u2019APPRENTISSAGE ET A LA FORMATION<\/option><option value=\"PREPARATION A L\u2019HABILITATION ELECTRIQUE\">PREPARATION A L\u2019HABILITATION ELECTRIQUE<\/option><option value=\"PASSEPORT DE COMP\u00c9TENCES INFORMATIQUE EUROPEEN\">PASSEPORT DE COMP\u00c9TENCES INFORMATIQUE EUROPEEN<\/option><option value=\"MONTAGE, D\u00c9MONTAGE, UTILISATION D\u2019UN \u00c9CHAFAUDAGE FIXE\">MONTAGE, D\u00c9MONTAGE, UTILISATION D\u2019UN \u00c9CHAFAUDAGE FIXE<\/option><option value=\"AUTORISATION DE CONDUITE NACELLE\">AUTORISATION DE CONDUITE NACELLE<\/option><option value=\"PREPARATION A L\u2019AUTORISATION POUR LE TRAVAIL EN HAUTEUR\">PREPARATION A L\u2019AUTORISATION POUR LE TRAVAIL EN HAUTEUR<\/option><\/select><\/span><br \/>\n<\/label><br \/>\n<label> Votre nom (obligatoire)<br \/>\n<span class=\"wpcf7-form-control-wrap\" data-name=\"your-name\"><input size=\"40\" maxlength=\"400\" class=\"wpcf7-form-control wpcf7-text wpcf7-validates-as-required\" aria-required=\"true\" aria-invalid=\"false\" value=\"\" type=\"text\" name=\"your-name\" \/><\/span> <\/label>\n<\/p>\n<p><label> Votre Email (obligatoire)<br \/>\n<span class=\"wpcf7-form-control-wrap\" data-name=\"your-email\"><input size=\"40\" maxlength=\"400\" class=\"wpcf7-form-control wpcf7-email wpcf7-validates-as-required wpcf7-text wpcf7-validates-as-email\" aria-required=\"true\" aria-invalid=\"false\" value=\"\" type=\"email\" name=\"your-email\" \/><\/span> <\/label><br \/>\n<label> Votre t\u00e9l\u00e9phone <span class=\"wpcf7-form-control-wrap\" data-name=\"tel-704\"><input size=\"40\" maxlength=\"400\" class=\"wpcf7-form-control wpcf7-tel wpcf7-validates-as-required wpcf7-text wpcf7-validates-as-tel\" aria-required=\"true\" aria-invalid=\"false\" value=\"\" type=\"tel\" name=\"tel-704\" \/><\/span><\/label><br \/>\n<label> Objet<br \/>\n<span class=\"wpcf7-form-control-wrap\" data-name=\"your-subject\"><input size=\"40\" maxlength=\"400\" class=\"wpcf7-form-control wpcf7-text\" aria-invalid=\"false\" value=\"\" type=\"text\" name=\"your-subject\" \/><\/span> <\/label>\n<\/p>\n<p><label> Votre message<br \/>\n<span class=\"wpcf7-form-control-wrap\" data-name=\"your-message\"><textarea cols=\"40\" rows=\"10\" maxlength=\"2000\" class=\"wpcf7-form-control wpcf7-textarea\" aria-invalid=\"false\" name=\"your-message\"><\/textarea><\/span> <\/label><br \/>\n<label> Vous pouvez nous envoyer votre CV si vous le souhaitez :<br \/>\n<span class=\"wpcf7-form-control-wrap\" data-name=\"file-707\"><input size=\"40\" class=\"wpcf7-form-control wpcf7-file\" accept=\"audio\/*,video\/*,image\/*\" aria-invalid=\"false\" type=\"file\" name=\"file-707\" \/><\/span> <\/label>\n<\/p>\n<p><input class=\"wpcf7-form-control wpcf7-submit has-spinner\" type=\"submit\" value=\"Envoyer\" \/>\n<\/p><p style=\"display: none !important;\"><label>&#916;<textarea name=\"_wpcf7_ak_hp_textarea\" cols=\"45\" rows=\"8\" maxlength=\"100\"><\/textarea><\/label><input type=\"hidden\" id=\"ak_js_1\" name=\"_wpcf7_ak_js\" value=\"177\"\/><script>document.getElementById( \"ak_js_1\" ).setAttribute( \"value\", ( new Date() ).getTime() );<\/script><\/p><div class=\"wpcf7-response-output\" aria-hidden=\"true\"><\/div>\n<\/form>\n<\/div>\n\n\n\n\n<p><\/p>\n","protected":false},"excerpt":{"rendered":"<p>D\u00c9TAILS DATE : 11 SEPTEMBRE 2023 au 20 JUILLET 2024DUREE : 810H FINANCEMENTFormation \u00e9ligible au CPF N\u00b0 248128FINANCEMENTS OPCO,TRANSITIONS PRO, Entreprises CERTIFICATIONDipl\u00f4me de Niveau 3 (CAP\/BEP), enregistr\u00e9 et inscrit au R\u00e9pertoire National des CertificationsProfessionnelles.Code RNCP : 34095Code Dipl\u00f4me Apprentissage : 32031210 PR\u00c9REQUISPersonnes d\u00e9sirant former \u00e0 un m\u00e9tier ou \u00e0 des activit\u00e9s professionnelles : dipl\u00f4me professionnel &hellip; <\/p>\n<p class=\"link-more\"><a href=\"https:\/\/www.fore.fr\/idn\/formation-formateur-professionnel-dadultes\/\" class=\"more-link\">Continuer la lecture<span class=\"screen-reader-text\"> de &laquo;&nbsp;FORMATION FORMATEUR PROFESSIONNEL D&rsquo;ADULTES&nbsp;&raquo;<\/span><\/a><\/p>\n","protected":false},"author":1,"featured_media":2638,"comment_status":"closed","ping_status":"closed","sticky":false,"template":"","format":"standard","meta":{"footnotes":""},"categories":[20],"tags":[],"yoast_head":"<!-- This site is optimized with the Yoast SEO plugin v23.5 - https:\/\/yoast.com\/wordpress\/plugins\/seo\/ -->\n<title>FORMATION FORMATEUR PROFESSIONNEL D&#039;ADULTES<\/title>\n<meta name=\"description\" content=\"D\u00e9couvrez notre formation en apprentissage : FORMATION FORMATEUR PROFESSIONNEL D&#039;ADULTES \/ Fore Formation, Fiche formation \u00e0 t\u00e9l\u00e9charger\" \/>\n<meta name=\"robots\" content=\"index, follow, max-snippet:-1, max-image-preview:large, max-video-preview:-1\" \/>\n<link rel=\"canonical\" href=\"https:\/\/www.fore.fr\/idn\/formation-formateur-professionnel-dadultes\/\" \/>\n<meta property=\"og:locale\" content=\"fr_FR\" \/>\n<meta property=\"og:type\" content=\"article\" \/>\n<meta property=\"og:title\" content=\"FORMATION FORMATEUR PROFESSIONNEL D&#039;ADULTES\" \/>\n<meta property=\"og:description\" content=\"D\u00e9couvrez notre formation en apprentissage : FORMATION FORMATEUR PROFESSIONNEL D&#039;ADULTES \/ Fore Formation, Fiche formation \u00e0 t\u00e9l\u00e9charger\" \/>\n<meta property=\"og:url\" content=\"https:\/\/www.fore.fr\/idn\/formation-formateur-professionnel-dadultes\/\" \/>\n<meta property=\"og:site_name\" content=\"Formations Fore Iles du Nord\" \/>\n<meta property=\"article:publisher\" content=\"https:\/\/www.facebook.com\/Fore97\" \/>\n<meta property=\"article:published_time\" content=\"2024-06-25T16:20:21+00:00\" \/>\n<meta property=\"article:modified_time\" content=\"2026-01-13T18:21:09+00:00\" \/>\n<meta property=\"og:image\" content=\"https:\/\/www.fore.fr\/idn\/wp-content\/uploads\/2023\/07\/FORE-IDN-FORMATION-DE-FORMATEUR-1.jpg\" \/>\n\t<meta property=\"og:image:width\" content=\"100\" \/>\n\t<meta property=\"og:image:height\" content=\"142\" \/>\n\t<meta property=\"og:image:type\" content=\"image\/jpeg\" \/>\n<meta name=\"author\" content=\"fore971\" \/>\n<meta name=\"twitter:card\" content=\"summary_large_image\" \/>\n<meta name=\"twitter:label1\" content=\"\u00c9crit par\" \/>\n\t<meta name=\"twitter:data1\" content=\"fore971\" \/>\n\t<meta name=\"twitter:label2\" content=\"Dur\u00e9e de lecture estim\u00e9e\" \/>\n\t<meta name=\"twitter:data2\" content=\"2 minutes\" \/>\n<script type=\"application\/ld+json\" class=\"yoast-schema-graph\">{\"@context\":\"https:\/\/schema.org\",\"@graph\":[{\"@type\":\"Article\",\"@id\":\"https:\/\/www.fore.fr\/idn\/formation-formateur-professionnel-dadultes\/#article\",\"isPartOf\":{\"@id\":\"https:\/\/www.fore.fr\/idn\/formation-formateur-professionnel-dadultes\/\"},\"author\":{\"name\":\"fore971\",\"@id\":\"https:\/\/www.fore.fr\/idn\/#\/schema\/person\/286716c0539a760b99bba6401070c999\"},\"headline\":\"FORMATION FORMATEUR PROFESSIONNEL D&rsquo;ADULTES\",\"datePublished\":\"2024-06-25T16:20:21+00:00\",\"dateModified\":\"2026-01-13T18:21:09+00:00\",\"mainEntityOfPage\":{\"@id\":\"https:\/\/www.fore.fr\/idn\/formation-formateur-professionnel-dadultes\/\"},\"wordCount\":332,\"publisher\":{\"@id\":\"https:\/\/www.fore.fr\/idn\/#organization\"},\"image\":{\"@id\":\"https:\/\/www.fore.fr\/idn\/formation-formateur-professionnel-dadultes\/#primaryimage\"},\"thumbnailUrl\":\"https:\/\/www.fore.fr\/idn\/wp-content\/uploads\/2023\/07\/FORE-IDN-FORMATION-DE-FORMATEUR-1.jpg\",\"articleSection\":[\"Professionnelles\"],\"inLanguage\":\"fr-FR\"},{\"@type\":\"WebPage\",\"@id\":\"https:\/\/www.fore.fr\/idn\/formation-formateur-professionnel-dadultes\/\",\"url\":\"https:\/\/www.fore.fr\/idn\/formation-formateur-professionnel-dadultes\/\",\"name\":\"FORMATION FORMATEUR PROFESSIONNEL D'ADULTES\",\"isPartOf\":{\"@id\":\"https:\/\/www.fore.fr\/idn\/#website\"},\"primaryImageOfPage\":{\"@id\":\"https:\/\/www.fore.fr\/idn\/formation-formateur-professionnel-dadultes\/#primaryimage\"},\"image\":{\"@id\":\"https:\/\/www.fore.fr\/idn\/formation-formateur-professionnel-dadultes\/#primaryimage\"},\"thumbnailUrl\":\"https:\/\/www.fore.fr\/idn\/wp-content\/uploads\/2023\/07\/FORE-IDN-FORMATION-DE-FORMATEUR-1.jpg\",\"datePublished\":\"2024-06-25T16:20:21+00:00\",\"dateModified\":\"2026-01-13T18:21:09+00:00\",\"description\":\"D\u00e9couvrez notre formation en apprentissage : FORMATION FORMATEUR PROFESSIONNEL D'ADULTES \/ Fore Formation, Fiche formation \u00e0 t\u00e9l\u00e9charger\",\"breadcrumb\":{\"@id\":\"https:\/\/www.fore.fr\/idn\/formation-formateur-professionnel-dadultes\/#breadcrumb\"},\"inLanguage\":\"fr-FR\",\"potentialAction\":[{\"@type\":\"ReadAction\",\"target\":[\"https:\/\/www.fore.fr\/idn\/formation-formateur-professionnel-dadultes\/\"]}]},{\"@type\":\"ImageObject\",\"inLanguage\":\"fr-FR\",\"@id\":\"https:\/\/www.fore.fr\/idn\/formation-formateur-professionnel-dadultes\/#primaryimage\",\"url\":\"https:\/\/www.fore.fr\/idn\/wp-content\/uploads\/2023\/07\/FORE-IDN-FORMATION-DE-FORMATEUR-1.jpg\",\"contentUrl\":\"https:\/\/www.fore.fr\/idn\/wp-content\/uploads\/2023\/07\/FORE-IDN-FORMATION-DE-FORMATEUR-1.jpg\",\"width\":100,\"height\":142},{\"@type\":\"BreadcrumbList\",\"@id\":\"https:\/\/www.fore.fr\/idn\/formation-formateur-professionnel-dadultes\/#breadcrumb\",\"itemListElement\":[{\"@type\":\"ListItem\",\"position\":1,\"name\":\"Accueil\",\"item\":\"https:\/\/www.fore.fr\/idn\/\"},{\"@type\":\"ListItem\",\"position\":2,\"name\":\"FORMATION FORMATEUR PROFESSIONNEL D&rsquo;ADULTES\"}]},{\"@type\":\"WebSite\",\"@id\":\"https:\/\/www.fore.fr\/idn\/#website\",\"url\":\"https:\/\/www.fore.fr\/idn\/\",\"name\":\"Formations Fore Iles du Nord\",\"description\":\"D\u00c9COUVREZ NOTRE OFFRE DE FORMATION COMPL\u00c8TE A SAINT-MARTIN !\",\"publisher\":{\"@id\":\"https:\/\/www.fore.fr\/idn\/#organization\"},\"potentialAction\":[{\"@type\":\"SearchAction\",\"target\":{\"@type\":\"EntryPoint\",\"urlTemplate\":\"https:\/\/www.fore.fr\/idn\/?s={search_term_string}\"},\"query-input\":{\"@type\":\"PropertyValueSpecification\",\"valueRequired\":true,\"valueName\":\"search_term_string\"}}],\"inLanguage\":\"fr-FR\"},{\"@type\":\"Organization\",\"@id\":\"https:\/\/www.fore.fr\/idn\/#organization\",\"name\":\"Fore\",\"url\":\"https:\/\/www.fore.fr\/idn\/\",\"logo\":{\"@type\":\"ImageObject\",\"inLanguage\":\"fr-FR\",\"@id\":\"https:\/\/www.fore.fr\/idn\/#\/schema\/logo\/image\/\",\"url\":\"\",\"contentUrl\":\"\",\"caption\":\"Fore\"},\"image\":{\"@id\":\"https:\/\/www.fore.fr\/idn\/#\/schema\/logo\/image\/\"},\"sameAs\":[\"https:\/\/www.facebook.com\/Fore97\",\"https:\/\/www.instagram.com\/fore.formation\"]},{\"@type\":\"Person\",\"@id\":\"https:\/\/www.fore.fr\/idn\/#\/schema\/person\/286716c0539a760b99bba6401070c999\",\"name\":\"fore971\",\"image\":{\"@type\":\"ImageObject\",\"inLanguage\":\"fr-FR\",\"@id\":\"https:\/\/www.fore.fr\/idn\/#\/schema\/person\/image\/\",\"url\":\"https:\/\/secure.gravatar.com\/avatar\/e79e0dc4447cace26f00e3b41dc0f450?s=96&d=mm&r=g\",\"contentUrl\":\"https:\/\/secure.gravatar.com\/avatar\/e79e0dc4447cace26f00e3b41dc0f450?s=96&d=mm&r=g\",\"caption\":\"fore971\"},\"sameAs\":[\"https:\/\/migration.fore.fr\/idn\"],\"url\":\"https:\/\/www.fore.fr\/idn\/author\/fore971\/\"}]}<\/script>\n<!-- \/ Yoast SEO plugin. -->","yoast_head_json":{"title":"FORMATION FORMATEUR PROFESSIONNEL D'ADULTES","description":"D\u00e9couvrez notre formation en apprentissage : FORMATION FORMATEUR PROFESSIONNEL D'ADULTES \/ Fore Formation, Fiche formation \u00e0 t\u00e9l\u00e9charger","robots":{"index":"index","follow":"follow","max-snippet":"max-snippet:-1","max-image-preview":"max-image-preview:large","max-video-preview":"max-video-preview:-1"},"canonical":"https:\/\/www.fore.fr\/idn\/formation-formateur-professionnel-dadultes\/","og_locale":"fr_FR","og_type":"article","og_title":"FORMATION FORMATEUR PROFESSIONNEL D'ADULTES","og_description":"D\u00e9couvrez notre formation en apprentissage : FORMATION FORMATEUR PROFESSIONNEL D'ADULTES \/ Fore Formation, Fiche formation \u00e0 t\u00e9l\u00e9charger","og_url":"https:\/\/www.fore.fr\/idn\/formation-formateur-professionnel-dadultes\/","og_site_name":"Formations Fore Iles du Nord","article_publisher":"https:\/\/www.facebook.com\/Fore97","article_published_time":"2024-06-25T16:20:21+00:00","article_modified_time":"2026-01-13T18:21:09+00:00","og_image":[{"width":100,"height":142,"url":"https:\/\/www.fore.fr\/idn\/wp-content\/uploads\/2023\/07\/FORE-IDN-FORMATION-DE-FORMATEUR-1.jpg","type":"image\/jpeg"}],"author":"fore971","twitter_card":"summary_large_image","twitter_misc":{"\u00c9crit par":"fore971","Dur\u00e9e de lecture estim\u00e9e":"2 minutes"},"schema":{"@context":"https:\/\/schema.org","@graph":[{"@type":"Article","@id":"https:\/\/www.fore.fr\/idn\/formation-formateur-professionnel-dadultes\/#article","isPartOf":{"@id":"https:\/\/www.fore.fr\/idn\/formation-formateur-professionnel-dadultes\/"},"author":{"name":"fore971","@id":"https:\/\/www.fore.fr\/idn\/#\/schema\/person\/286716c0539a760b99bba6401070c999"},"headline":"FORMATION FORMATEUR PROFESSIONNEL D&rsquo;ADULTES","datePublished":"2024-06-25T16:20:21+00:00","dateModified":"2026-01-13T18:21:09+00:00","mainEntityOfPage":{"@id":"https:\/\/www.fore.fr\/idn\/formation-formateur-professionnel-dadultes\/"},"wordCount":332,"publisher":{"@id":"https:\/\/www.fore.fr\/idn\/#organization"},"image":{"@id":"https:\/\/www.fore.fr\/idn\/formation-formateur-professionnel-dadultes\/#primaryimage"},"thumbnailUrl":"https:\/\/www.fore.fr\/idn\/wp-content\/uploads\/2023\/07\/FORE-IDN-FORMATION-DE-FORMATEUR-1.jpg","articleSection":["Professionnelles"],"inLanguage":"fr-FR"},{"@type":"WebPage","@id":"https:\/\/www.fore.fr\/idn\/formation-formateur-professionnel-dadultes\/","url":"https:\/\/www.fore.fr\/idn\/formation-formateur-professionnel-dadultes\/","name":"FORMATION FORMATEUR PROFESSIONNEL D'ADULTES","isPartOf":{"@id":"https:\/\/www.fore.fr\/idn\/#website"},"primaryImageOfPage":{"@id":"https:\/\/www.fore.fr\/idn\/formation-formateur-professionnel-dadultes\/#primaryimage"},"image":{"@id":"https:\/\/www.fore.fr\/idn\/formation-formateur-professionnel-dadultes\/#primaryimage"},"thumbnailUrl":"https:\/\/www.fore.fr\/idn\/wp-content\/uploads\/2023\/07\/FORE-IDN-FORMATION-DE-FORMATEUR-1.jpg","datePublished":"2024-06-25T16:20:21+00:00","dateModified":"2026-01-13T18:21:09+00:00","description":"D\u00e9couvrez notre formation en apprentissage : FORMATION FORMATEUR PROFESSIONNEL D'ADULTES \/ Fore Formation, Fiche formation \u00e0 t\u00e9l\u00e9charger","breadcrumb":{"@id":"https:\/\/www.fore.fr\/idn\/formation-formateur-professionnel-dadultes\/#breadcrumb"},"inLanguage":"fr-FR","potentialAction":[{"@type":"ReadAction","target":["https:\/\/www.fore.fr\/idn\/formation-formateur-professionnel-dadultes\/"]}]},{"@type":"ImageObject","inLanguage":"fr-FR","@id":"https:\/\/www.fore.fr\/idn\/formation-formateur-professionnel-dadultes\/#primaryimage","url":"https:\/\/www.fore.fr\/idn\/wp-content\/uploads\/2023\/07\/FORE-IDN-FORMATION-DE-FORMATEUR-1.jpg","contentUrl":"https:\/\/www.fore.fr\/idn\/wp-content\/uploads\/2023\/07\/FORE-IDN-FORMATION-DE-FORMATEUR-1.jpg","width":100,"height":142},{"@type":"BreadcrumbList","@id":"https:\/\/www.fore.fr\/idn\/formation-formateur-professionnel-dadultes\/#breadcrumb","itemListElement":[{"@type":"ListItem","position":1,"name":"Accueil","item":"https:\/\/www.fore.fr\/idn\/"},{"@type":"ListItem","position":2,"name":"FORMATION FORMATEUR PROFESSIONNEL D&rsquo;ADULTES"}]},{"@type":"WebSite","@id":"https:\/\/www.fore.fr\/idn\/#website","url":"https:\/\/www.fore.fr\/idn\/","name":"Formations Fore Iles du Nord","description":"D\u00c9COUVREZ NOTRE OFFRE DE FORMATION COMPL\u00c8TE A SAINT-MARTIN !","publisher":{"@id":"https:\/\/www.fore.fr\/idn\/#organization"},"potentialAction":[{"@type":"SearchAction","target":{"@type":"EntryPoint","urlTemplate":"https:\/\/www.fore.fr\/idn\/?s={search_term_string}"},"query-input":{"@type":"PropertyValueSpecification","valueRequired":true,"valueName":"search_term_string"}}],"inLanguage":"fr-FR"},{"@type":"Organization","@id":"https:\/\/www.fore.fr\/idn\/#organization","name":"Fore","url":"https:\/\/www.fore.fr\/idn\/","logo":{"@type":"ImageObject","inLanguage":"fr-FR","@id":"https:\/\/www.fore.fr\/idn\/#\/schema\/logo\/image\/","url":"","contentUrl":"","caption":"Fore"},"image":{"@id":"https:\/\/www.fore.fr\/idn\/#\/schema\/logo\/image\/"},"sameAs":["https:\/\/www.facebook.com\/Fore97","https:\/\/www.instagram.com\/fore.formation"]},{"@type":"Person","@id":"https:\/\/www.fore.fr\/idn\/#\/schema\/person\/286716c0539a760b99bba6401070c999","name":"fore971","image":{"@type":"ImageObject","inLanguage":"fr-FR","@id":"https:\/\/www.fore.fr\/idn\/#\/schema\/person\/image\/","url":"https:\/\/secure.gravatar.com\/avatar\/e79e0dc4447cace26f00e3b41dc0f450?s=96&d=mm&r=g","contentUrl":"https:\/\/secure.gravatar.com\/avatar\/e79e0dc4447cace26f00e3b41dc0f450?s=96&d=mm&r=g","caption":"fore971"},"sameAs":["https:\/\/migration.fore.fr\/idn"],"url":"https:\/\/www.fore.fr\/idn\/author\/fore971\/"}]}},"_links":{"self":[{"href":"https:\/\/www.fore.fr\/idn\/wp-json\/wp\/v2\/posts\/2601"}],"collection":[{"href":"https:\/\/www.fore.fr\/idn\/wp-json\/wp\/v2\/posts"}],"about":[{"href":"https:\/\/www.fore.fr\/idn\/wp-json\/wp\/v2\/types\/post"}],"author":[{"embeddable":true,"href":"https:\/\/www.fore.fr\/idn\/wp-json\/wp\/v2\/users\/1"}],"replies":[{"embeddable":true,"href":"https:\/\/www.fore.fr\/idn\/wp-json\/wp\/v2\/comments?post=2601"}],"version-history":[{"count":8,"href":"https:\/\/www.fore.fr\/idn\/wp-json\/wp\/v2\/posts\/2601\/revisions"}],"predecessor-version":[{"id":3536,"href":"https:\/\/www.fore.fr\/idn\/wp-json\/wp\/v2\/posts\/2601\/revisions\/3536"}],"wp:featuredmedia":[{"embeddable":true,"href":"https:\/\/www.fore.fr\/idn\/wp-json\/wp\/v2\/media\/2638"}],"wp:attachment":[{"href":"https:\/\/www.fore.fr\/idn\/wp-json\/wp\/v2\/media?parent=2601"}],"wp:term":[{"taxonomy":"category","embeddable":true,"href":"https:\/\/www.fore.fr\/idn\/wp-json\/wp\/v2\/categories?post=2601"},{"taxonomy":"post_tag","embeddable":true,"href":"https:\/\/www.fore.fr\/idn\/wp-json\/wp\/v2\/tags?post=2601"}],"curies":[{"name":"wp","href":"https:\/\/api.w.org\/{rel}","templated":true}]}}