{"id":2969,"date":"2024-07-02T16:09:04","date_gmt":"2024-07-02T14:09:04","guid":{"rendered":"https:\/\/www.fore.fr\/idn\/?p=2969"},"modified":"2026-01-13T19:43:07","modified_gmt":"2026-01-13T18:43:07","slug":"titre-professionnel-assistante-de-direction","status":"publish","type":"post","link":"https:\/\/www.fore.fr\/idn\/titre-professionnel-assistante-de-direction\/","title":{"rendered":"TITRE PROFESSIONNEL ASSISTANT(E) DE DIRECTION"},"content":{"rendered":"\n<p class=\"has-text-align-center has-white-color has-black-background-color has-text-color has-background\"><strong>D\u00c9TAILS<\/strong><\/p>\n\n\n\n<div class=\"wp-block-columns is-layout-flex wp-container-core-columns-layout-1 wp-block-columns-is-layout-flex\">\n<div class=\"wp-block-column is-layout-flow wp-block-column-is-layout-flow\" style=\"flex-basis:250px\">\n<p class=\"has-white-color has-text-color has-background\" style=\"background-color:#e4032c\"><strong><strong>600H<br><\/strong>SUR 1 AN<\/strong><br><strong>2 JOURS \/ SEMAINE<\/strong><\/p>\n\n\n\n<p class=\"has-small-font-size\"><strong>FINANCEMENT<br>Formation \u00e9ligible au CPF N\u00b0 327186<br><\/strong>FINANCEMENTS OPCO,<br>TRANSITIONS PRO, Entreprises<\/p>\n\n\n\n<p class=\"has-small-font-size\"><strong>CERTIFICATION<br><\/strong>Titre professionnel ASSISTANTE DE DIRECTION, R\u00e9pertoire National des Certifications Professionnelles.<br>Code RNCP : 34143 enregistr\u00e9 le 01\/08\/2019<br>Code Dipl\u00f4me Apprentissage : 36T32401<\/p>\n\n\n\n<p class=\"has-vivid-red-color has-text-color has-small-font-size\"><strong>Lien France Comp\u00e9tences : <a href=\"https:\/\/www.francecompetences.fr\/recherche\/rncp\/34143\/\" target=\"_blank\" rel=\"noreferrer noopener\">https:\/\/www.francecompetences.fr\/recherche\/rncp\/<strong>34143<\/strong>\/<\/a><\/strong><\/p>\n<\/div>\n\n\n\n<div class=\"wp-block-column is-layout-flow wp-block-column-is-layout-flow\" style=\"flex-basis:250px\">\n<figure class=\"wp-block-gallery has-nested-images columns-default is-cropped wp-block-gallery-1 is-layout-flex wp-block-gallery-is-layout-flex\">\n<figure class=\"wp-block-image size-large\"><a href=\"https:\/\/www.fore.fr\/idn\/wp-content\/uploads\/2024\/07\/A4-TP-ASSISTANTE-DIRECTION-FICHE-IDN-recto.jpg\" target=\"_blank\" rel=\"noopener\"><img loading=\"lazy\" decoding=\"async\" width=\"724\" height=\"1024\" src=\"https:\/\/www.fore.fr\/idn\/wp-content\/uploads\/2024\/07\/A4-TP-ASSISTANTE-DIRECTION-FICHE-IDN-recto-724x1024.jpg\" alt=\"\" class=\"wp-image-2970\" srcset=\"https:\/\/www.fore.fr\/idn\/wp-content\/uploads\/2024\/07\/A4-TP-ASSISTANTE-DIRECTION-FICHE-IDN-recto-724x1024.jpg 724w, https:\/\/www.fore.fr\/idn\/wp-content\/uploads\/2024\/07\/A4-TP-ASSISTANTE-DIRECTION-FICHE-IDN-recto-212x300.jpg 212w, https:\/\/www.fore.fr\/idn\/wp-content\/uploads\/2024\/07\/A4-TP-ASSISTANTE-DIRECTION-FICHE-IDN-recto-768x1087.jpg 768w, https:\/\/www.fore.fr\/idn\/wp-content\/uploads\/2024\/07\/A4-TP-ASSISTANTE-DIRECTION-FICHE-IDN-recto.jpg 1000w\" sizes=\"(max-width: 724px) 100vw, 724px\" \/><\/a><\/figure>\n\n\n\n<figure class=\"wp-block-image size-large\"><a href=\"https:\/\/www.fore.fr\/idn\/wp-content\/uploads\/2024\/07\/A4-TP-ASSISTANTE-DIRECTION-FICHE-IDN-verso.jpg\" target=\"_blank\" rel=\"noopener\"><img loading=\"lazy\" decoding=\"async\" width=\"724\" height=\"1024\" src=\"https:\/\/www.fore.fr\/idn\/wp-content\/uploads\/2024\/07\/A4-TP-ASSISTANTE-DIRECTION-FICHE-IDN-verso-724x1024.jpg\" alt=\"\" class=\"wp-image-2971\" srcset=\"https:\/\/www.fore.fr\/idn\/wp-content\/uploads\/2024\/07\/A4-TP-ASSISTANTE-DIRECTION-FICHE-IDN-verso-724x1024.jpg 724w, https:\/\/www.fore.fr\/idn\/wp-content\/uploads\/2024\/07\/A4-TP-ASSISTANTE-DIRECTION-FICHE-IDN-verso-212x300.jpg 212w, https:\/\/www.fore.fr\/idn\/wp-content\/uploads\/2024\/07\/A4-TP-ASSISTANTE-DIRECTION-FICHE-IDN-verso-768x1087.jpg 768w, https:\/\/www.fore.fr\/idn\/wp-content\/uploads\/2024\/07\/A4-TP-ASSISTANTE-DIRECTION-FICHE-IDN-verso.jpg 1000w\" sizes=\"(max-width: 724px) 100vw, 724px\" \/><\/a><\/figure>\n<\/figure>\n\n\n\n<p><strong>PR\u00c9REQUIS<br><\/strong>Toute personne (\u00e9tudiant, salari\u00e9, demandeur d\u2019emploi) de niveau 4.<\/p>\n\n\n\n<p><strong>CONTACT <\/strong><\/p>\n\n\n\n<p>Michella ROSAMONT<br><strong>0690 18 28 46<br>0590 87 41 20<br><\/strong><font color=\"#000000\"><span style=\"caret-color: rgb(0, 0, 0);\">michella<\/span><\/font>.<a href=\"mailto:kevin.pouradier@fore.fr\">rosamont@fore.fr<\/a><\/p>\n<\/div>\n<\/div>\n\n\n\n<hr class=\"wp-block-separator has-css-opacity is-style-wide\"\/>\n\n\n\n<div data-wp-interactive=\"\" class=\"wp-block-file\"><object data-wp-bind--hidden=\"!selectors.core.file.hasPdfPreview\" hidden class=\"wp-block-file__embed\" data=\"https:\/\/www.fore.fr\/idn\/wp-content\/uploads\/2024\/07\/A4-TP-ASSISTANTE-DIRECTION-FICHE-IDN.pdf\" type=\"application\/pdf\" style=\"width:100%;height:600px\" aria-label=\"Contenu embarqu\u00e9 A4-TP-ASSISTANTE-DIRECTION-FICHE-IDN.\"><\/object><a id=\"wp-block-file--media-2726cec6-4eae-422b-9c23-1823f1ecb7ff\" href=\"https:\/\/www.fore.fr\/idn\/wp-content\/uploads\/2024\/07\/A4-TP-ASSISTANTE-DIRECTION-FICHE-IDN.pdf\">A4-TP-ASSISTANTE-DIRECTION-FICHE-IDN<\/a><a href=\"https:\/\/www.fore.fr\/idn\/wp-content\/uploads\/2024\/07\/A4-TP-ASSISTANTE-DIRECTION-FICHE-IDN.pdf\" class=\"wp-block-file__button wp-element-button\" download aria-describedby=\"wp-block-file--media-2726cec6-4eae-422b-9c23-1823f1ecb7ff\">T\u00e9l\u00e9charger<\/a><\/div>\n\n\n\n<p class=\"has-text-align-center has-white-color has-text-color has-background\" style=\"background-color:#e4032c\"><strong>MODLIT\u00c9S<\/strong><\/p>\n\n\n\n<p><strong>PR\u00c9REQUIS<\/strong><br>Toute personne (\u00e9tudiant, salari\u00e9, demandeur d\u2019emploi) de niveau 4.<\/p>\n\n\n\n<p><strong>METHODES PEDAGOGIQUES :<br><\/strong>M\u00e9thodes Active et Participative : Apports op\u00e9rationnels par des sp\u00e9cialistes du secteur administratif &#8211; Mises en situation \u2022 Travaux dirig\u00e9s \u2022 Etudes de cas<\/p>\n\n\n\n<p><strong>MOYENS PEDAGOGIQUES :<br><\/strong>Salle informatique connect\u00e9e Internet (fibre optique) \u2013 Documentations sur plateforme TEAMS Vid\u00e9o projecteur \u2013 Mat\u00e9riel salle de formation<\/p>\n\n\n\n<p><strong>SUIVI ET EVALUATIONS :<\/strong> Contr\u00f4les continus. Etudes de cas issues de situations professionnelles, en contexte. Dossier Professionnel et soutenance terminale face \u00e0 un jury<\/p>\n\n\n\n<p class=\"has-text-align-center has-white-color has-text-color has-background\" style=\"background-color:#e4032c\"><strong>PROGRAMME<\/strong><\/p>\n\n\n\n<div class=\"wp-block-columns is-layout-flex wp-container-core-columns-layout-2 wp-block-columns-is-layout-flex\">\n<div class=\"wp-block-column is-layout-flow wp-block-column-is-layout-flow\" style=\"flex-basis:250px\">\n<p class=\"has-small-font-size\"><strong>Assister la direction au quotidien et faciliter la prise de d\u00e9cisions<\/strong><br>\u2022 Organiser et coordonner les activit\u00e9s quotidiennes de l&rsquo;\u00e9quipe de direction<br>\u2022 Concevoir des outils de pilotage et pr\u00e9senter des informations chiffr\u00e9es de gestion<br>\u2022 Optimiser les processus administratifs<\/p>\n<\/div>\n\n\n\n<div class=\"wp-block-column is-layout-flow wp-block-column-is-layout-flow\" style=\"flex-basis:250px\">\n<p class=\"has-small-font-size\"><strong>G\u00e9rer le traitement, l&rsquo;organisation et le partage de l&rsquo;information<\/strong><br>\u2022 Assurer la recherche, la synth\u00e8se et la diffusion de l&rsquo;information<br>\u2022 Communiquer par \u00e9crit, en fran\u00e7ais et en anglais<br>\u2022 Assurer l&rsquo;interface orale entre les dirigeants et leurs interlocuteurs, en fran\u00e7ais et en anglais<br>\u2022 Organiser la conservation et la tra\u00e7abilit\u00e9 de l&rsquo;information<\/p>\n<\/div>\n<\/div>\n\n\n\n<div class=\"wp-block-columns is-layout-flex wp-container-core-columns-layout-3 wp-block-columns-is-layout-flex\">\n<div class=\"wp-block-column is-layout-flow wp-block-column-is-layout-flow\" style=\"flex-basis:250px\">\n<p class=\"has-small-font-size\"><strong>Assister la direction dans la gestion de projets et dossiers sp\u00e9cifiques<\/strong><br>\u2022 Participer \u00e0 la coordination et au suivi d&rsquo;un projet<br>\u2022 Organiser un \u00e9v\u00e9nement<br>\u2022 Mettre en oeuvre une action de communication<br>\u2022 Contribuer \u00e0 la gestion des ressources humaines<\/p>\n<\/div>\n\n\n\n<div class=\"wp-block-column is-layout-flow wp-block-column-is-layout-flow\" style=\"flex-basis:250px\"><\/div>\n<\/div>\n\n\n\n<p class=\"has-text-align-center has-white-color has-text-color has-background\" style=\"background-color:#e4032c\"><strong>POURSUITE D&rsquo;\u00c9TUDES<\/strong><\/p>\n\n\n\n<p>\u2022 Bachelor Ressources Humaines,<br>\u2022 Bachelor Management et Entreprenariat<br>\u2022 Bachelor Marketing et Communication Digitale<br>\u2022 Responsable d&rsquo;Entreprise d&rsquo;\u00c9conomie Sociale et Solidaire<\/p>\n\n\n\n<p class=\"has-text-align-center has-white-color has-text-color has-background\" style=\"background-color:#e4032c\"><strong>PERSPECTIVE D&rsquo;EMPLOI<\/strong><\/p>\n\n\n\n<p>\u2022Attach\u00e9(e) de direction<br>\u2022 Secr\u00e9taire de direction<\/p>\n\n\n\n<hr class=\"wp-block-separator has-css-opacity is-style-wide\"\/>\n\n\n\n<p><mark style=\"background-color:rgba(0, 0, 0, 0);color:#e70031\" class=\"has-inline-color\"><strong>Je souhaite m&rsquo;inscrire \u00e0 cette formation<\/strong><\/mark><\/p>\n\n\n\n<div class=\"wpcf7 no-js\" id=\"wpcf7-f870-o1\" lang=\"fr-FR\" dir=\"ltr\">\n<div class=\"screen-reader-response\"><p role=\"status\" aria-live=\"polite\" aria-atomic=\"true\"><\/p> <ul><\/ul><\/div>\n<form action=\"\/idn\/wp-json\/wp\/v2\/posts\/2969#wpcf7-f870-o1\" method=\"post\" class=\"wpcf7-form init\" aria-label=\"Formulaire de contact\" enctype=\"multipart\/form-data\" novalidate=\"novalidate\" data-status=\"init\">\n<div style=\"display: none;\">\n<input type=\"hidden\" name=\"_wpcf7\" value=\"870\" \/>\n<input type=\"hidden\" name=\"_wpcf7_version\" value=\"5.9.8\" \/>\n<input type=\"hidden\" name=\"_wpcf7_locale\" value=\"fr_FR\" \/>\n<input type=\"hidden\" name=\"_wpcf7_unit_tag\" value=\"wpcf7-f870-o1\" \/>\n<input type=\"hidden\" name=\"_wpcf7_container_post\" value=\"0\" \/>\n<input type=\"hidden\" name=\"_wpcf7_posted_data_hash\" value=\"\" \/>\n<\/div>\n<p><label> Merci de choisir la formation concern\u00e9e :<br \/>\n<span class=\"wpcf7-form-control-wrap\" data-name=\"listeformation\"><select class=\"wpcf7-form-control wpcf7-select wpcf7-validates-as-required\" aria-required=\"true\" aria-invalid=\"false\" name=\"listeformation\"><option value=\"\">&#8212;Veuillez choisir une option&#8212;<\/option><option value=\"TITRE PROFESSIONNEL SECR\u00c9TAIRE ASSISTANT(E) M\u00c9DICO-SOCIAL\">TITRE PROFESSIONNEL SECR\u00c9TAIRE ASSISTANT(E) M\u00c9DICO-SOCIAL<\/option><option value=\"TITRE PROFESSIONNEL ASSISTANT(E) DE DIRECTION\">TITRE PROFESSIONNEL ASSISTANT(E) DE DIRECTION<\/option><option value=\"BTS MANAGEMENT COMMERCIAL OP\u00c9RATIONNEL\">BTS MANAGEMENT COMMERCIAL OP\u00c9RATIONNEL<\/option><option value=\"BACHELOR MANAGEMENT ET ENTREPREUNARIAT\">BACHELOR MANAGEMENT ET ENTREPREUNARIAT<\/option><option value=\"BACHELOR MARKETING ET COMMUNICATION DIGITALE\">BACHELOR MARKETING ET COMMUNICATION DIGITALE<\/option><option value=\"TITRE PROFESSIONNEL COFFREUR BANCHEUR\">TITRE PROFESSIONNEL COFFREUR BANCHEUR<\/option><option value=\"TECHNICIEN SUP\u00c9RIEUR EN MAINTENANCE INDUSTRIELLE\">TECHNICIEN SUP\u00c9RIEUR EN MAINTENANCE INDUSTRIELLE<\/option><option value=\"TITRE PROFESSIONNEL CUISINIER\">TITRE PROFESSIONNEL CUISINIER<\/option><\/select><\/span><br \/>\n<\/label><br \/>\n<label> Votre nom (obligatoire)<br \/>\n<span class=\"wpcf7-form-control-wrap\" data-name=\"your-name\"><input size=\"40\" maxlength=\"400\" class=\"wpcf7-form-control wpcf7-text wpcf7-validates-as-required\" aria-required=\"true\" aria-invalid=\"false\" value=\"\" type=\"text\" name=\"your-name\" \/><\/span> <\/label>\n<\/p>\n<p><label> Votre Email (obligatoire)<br \/>\n<span class=\"wpcf7-form-control-wrap\" data-name=\"your-email\"><input size=\"40\" maxlength=\"400\" class=\"wpcf7-form-control wpcf7-email wpcf7-validates-as-required wpcf7-text wpcf7-validates-as-email\" aria-required=\"true\" aria-invalid=\"false\" value=\"\" type=\"email\" name=\"your-email\" \/><\/span> <\/label><br \/>\n<label> Votre t\u00e9l\u00e9phone <span class=\"wpcf7-form-control-wrap\" data-name=\"tel-704\"><input size=\"40\" maxlength=\"400\" class=\"wpcf7-form-control wpcf7-tel wpcf7-validates-as-required wpcf7-text wpcf7-validates-as-tel\" aria-required=\"true\" aria-invalid=\"false\" value=\"\" type=\"tel\" name=\"tel-704\" \/><\/span><\/label><br \/>\n<label> Objet<br \/>\n<span class=\"wpcf7-form-control-wrap\" data-name=\"your-subject\"><input size=\"40\" maxlength=\"400\" class=\"wpcf7-form-control wpcf7-text\" aria-invalid=\"false\" value=\"\" type=\"text\" name=\"your-subject\" \/><\/span> <\/label>\n<\/p>\n<p><label> Votre message<br \/>\n<span class=\"wpcf7-form-control-wrap\" data-name=\"your-message\"><textarea cols=\"40\" rows=\"10\" maxlength=\"2000\" class=\"wpcf7-form-control wpcf7-textarea\" aria-invalid=\"false\" name=\"your-message\"><\/textarea><\/span> <\/label><br \/>\n<label> Vous pouvez nous envoyer votre CV si vous le souhaitez :<br \/>\n<span class=\"wpcf7-form-control-wrap\" data-name=\"file-707\"><input size=\"40\" class=\"wpcf7-form-control wpcf7-file\" accept=\"audio\/*,video\/*,image\/*\" aria-invalid=\"false\" type=\"file\" name=\"file-707\" \/><\/span> <\/label>\n<\/p>\n<p><input class=\"wpcf7-form-control wpcf7-submit has-spinner\" type=\"submit\" value=\"Envoyer\" \/>\n<\/p><p style=\"display: none !important;\"><label>&#916;<textarea name=\"_wpcf7_ak_hp_textarea\" cols=\"45\" rows=\"8\" maxlength=\"100\"><\/textarea><\/label><input type=\"hidden\" id=\"ak_js_1\" name=\"_wpcf7_ak_js\" value=\"192\"\/><script>document.getElementById( \"ak_js_1\" ).setAttribute( \"value\", ( new Date() ).getTime() );<\/script><\/p><div class=\"wpcf7-response-output\" aria-hidden=\"true\"><\/div>\n<\/form>\n<\/div>\n\n\n\n\n<p><\/p>\n","protected":false},"excerpt":{"rendered":"<p>D\u00c9TAILS 600HSUR 1 AN2 JOURS \/ SEMAINE FINANCEMENTFormation \u00e9ligible au CPF N\u00b0 327186FINANCEMENTS OPCO,TRANSITIONS PRO, Entreprises CERTIFICATIONTitre professionnel ASSISTANTE DE DIRECTION, R\u00e9pertoire National des Certifications Professionnelles.Code RNCP : 34143 enregistr\u00e9 le 01\/08\/2019Code Dipl\u00f4me Apprentissage : 36T32401 Lien France Comp\u00e9tences : https:\/\/www.francecompetences.fr\/recherche\/rncp\/34143\/ PR\u00c9REQUISToute personne (\u00e9tudiant, salari\u00e9, demandeur d\u2019emploi) de niveau 4. CONTACT Michella ROSAMONT0690 18 28 &hellip; <\/p>\n<p class=\"link-more\"><a href=\"https:\/\/www.fore.fr\/idn\/titre-professionnel-assistante-de-direction\/\" class=\"more-link\">Continuer la lecture<span class=\"screen-reader-text\"> de &laquo;&nbsp;TITRE PROFESSIONNEL ASSISTANT(E) DE DIRECTION&nbsp;&raquo;<\/span><\/a><\/p>\n","protected":false},"author":1,"featured_media":2972,"comment_status":"open","ping_status":"open","sticky":false,"template":"","format":"standard","meta":{"footnotes":""},"categories":[5],"tags":[],"yoast_head":"<!-- This site is optimized with the Yoast SEO plugin v23.5 - https:\/\/yoast.com\/wordpress\/plugins\/seo\/ -->\n<title>Titre professionnel Assistant(e) de direction \u2013 FORE Iles du Nord<\/title>\n<meta name=\"description\" content=\"Devenez Assistant(e) de direction avec la formation certifiante de FORE Iles du Nord. \u00c9ligible CPF \u2013 ma\u00eetrisez l\u2019organisation administrative, la gestion d\u2019information et l\u2019appui \u00e0 la prise de d\u00e9cision en entreprise.\" \/>\n<meta name=\"robots\" content=\"index, follow, max-snippet:-1, max-image-preview:large, max-video-preview:-1\" \/>\n<link rel=\"canonical\" href=\"https:\/\/www.fore.fr\/idn\/titre-professionnel-assistante-de-direction\/\" \/>\n<meta property=\"og:locale\" content=\"fr_FR\" \/>\n<meta property=\"og:type\" content=\"article\" \/>\n<meta property=\"og:title\" content=\"Titre professionnel Assistant(e) de direction \u2013 FORE Iles du Nord\" \/>\n<meta property=\"og:description\" content=\"Devenez Assistant(e) de direction avec la formation certifiante de FORE Iles du Nord. \u00c9ligible CPF \u2013 ma\u00eetrisez l\u2019organisation administrative, la gestion d\u2019information et l\u2019appui \u00e0 la prise de d\u00e9cision en entreprise.\" \/>\n<meta property=\"og:url\" content=\"https:\/\/www.fore.fr\/idn\/titre-professionnel-assistante-de-direction\/\" \/>\n<meta property=\"og:site_name\" content=\"Formations Fore Iles du Nord\" \/>\n<meta property=\"article:publisher\" content=\"https:\/\/www.facebook.com\/Fore97\" \/>\n<meta property=\"article:published_time\" content=\"2024-07-02T14:09:04+00:00\" \/>\n<meta property=\"article:modified_time\" content=\"2026-01-13T18:43:07+00:00\" \/>\n<meta property=\"og:image\" content=\"https:\/\/www.fore.fr\/idn\/wp-content\/uploads\/2024\/07\/A4-TP-ASSISTANTE-DIRECTION-FICHE-IDN-vignette.jpg\" \/>\n\t<meta property=\"og:image:width\" content=\"100\" \/>\n\t<meta property=\"og:image:height\" content=\"142\" \/>\n\t<meta property=\"og:image:type\" content=\"image\/jpeg\" \/>\n<meta name=\"author\" content=\"fore971\" \/>\n<meta name=\"twitter:card\" content=\"summary_large_image\" \/>\n<meta name=\"twitter:label1\" content=\"\u00c9crit par\" \/>\n\t<meta name=\"twitter:data1\" content=\"fore971\" \/>\n\t<meta name=\"twitter:label2\" content=\"Dur\u00e9e de lecture estim\u00e9e\" \/>\n\t<meta name=\"twitter:data2\" content=\"3 minutes\" \/>\n<script type=\"application\/ld+json\" class=\"yoast-schema-graph\">{\"@context\":\"https:\/\/schema.org\",\"@graph\":[{\"@type\":\"Article\",\"@id\":\"https:\/\/www.fore.fr\/idn\/titre-professionnel-assistante-de-direction\/#article\",\"isPartOf\":{\"@id\":\"https:\/\/www.fore.fr\/idn\/titre-professionnel-assistante-de-direction\/\"},\"author\":{\"name\":\"fore971\",\"@id\":\"https:\/\/www.fore.fr\/idn\/#\/schema\/person\/286716c0539a760b99bba6401070c999\"},\"headline\":\"TITRE PROFESSIONNEL ASSISTANT(E) DE DIRECTION\",\"datePublished\":\"2024-07-02T14:09:04+00:00\",\"dateModified\":\"2026-01-13T18:43:07+00:00\",\"mainEntityOfPage\":{\"@id\":\"https:\/\/www.fore.fr\/idn\/titre-professionnel-assistante-de-direction\/\"},\"wordCount\":345,\"commentCount\":0,\"publisher\":{\"@id\":\"https:\/\/www.fore.fr\/idn\/#organization\"},\"image\":{\"@id\":\"https:\/\/www.fore.fr\/idn\/titre-professionnel-assistante-de-direction\/#primaryimage\"},\"thumbnailUrl\":\"https:\/\/www.fore.fr\/idn\/wp-content\/uploads\/2024\/07\/A4-TP-ASSISTANTE-DIRECTION-FICHE-IDN-vignette.jpg\",\"articleSection\":[\"Apprentissage\"],\"inLanguage\":\"fr-FR\",\"potentialAction\":[{\"@type\":\"CommentAction\",\"name\":\"Comment\",\"target\":[\"https:\/\/www.fore.fr\/idn\/titre-professionnel-assistante-de-direction\/#respond\"]}]},{\"@type\":\"WebPage\",\"@id\":\"https:\/\/www.fore.fr\/idn\/titre-professionnel-assistante-de-direction\/\",\"url\":\"https:\/\/www.fore.fr\/idn\/titre-professionnel-assistante-de-direction\/\",\"name\":\"Titre professionnel Assistant(e) de direction \u2013 FORE Iles du Nord\",\"isPartOf\":{\"@id\":\"https:\/\/www.fore.fr\/idn\/#website\"},\"primaryImageOfPage\":{\"@id\":\"https:\/\/www.fore.fr\/idn\/titre-professionnel-assistante-de-direction\/#primaryimage\"},\"image\":{\"@id\":\"https:\/\/www.fore.fr\/idn\/titre-professionnel-assistante-de-direction\/#primaryimage\"},\"thumbnailUrl\":\"https:\/\/www.fore.fr\/idn\/wp-content\/uploads\/2024\/07\/A4-TP-ASSISTANTE-DIRECTION-FICHE-IDN-vignette.jpg\",\"datePublished\":\"2024-07-02T14:09:04+00:00\",\"dateModified\":\"2026-01-13T18:43:07+00:00\",\"description\":\"Devenez Assistant(e) de direction avec la formation certifiante de FORE Iles du Nord. \u00c9ligible CPF \u2013 ma\u00eetrisez l\u2019organisation administrative, la gestion d\u2019information et l\u2019appui \u00e0 la prise de d\u00e9cision en entreprise.\",\"breadcrumb\":{\"@id\":\"https:\/\/www.fore.fr\/idn\/titre-professionnel-assistante-de-direction\/#breadcrumb\"},\"inLanguage\":\"fr-FR\",\"potentialAction\":[{\"@type\":\"ReadAction\",\"target\":[\"https:\/\/www.fore.fr\/idn\/titre-professionnel-assistante-de-direction\/\"]}]},{\"@type\":\"ImageObject\",\"inLanguage\":\"fr-FR\",\"@id\":\"https:\/\/www.fore.fr\/idn\/titre-professionnel-assistante-de-direction\/#primaryimage\",\"url\":\"https:\/\/www.fore.fr\/idn\/wp-content\/uploads\/2024\/07\/A4-TP-ASSISTANTE-DIRECTION-FICHE-IDN-vignette.jpg\",\"contentUrl\":\"https:\/\/www.fore.fr\/idn\/wp-content\/uploads\/2024\/07\/A4-TP-ASSISTANTE-DIRECTION-FICHE-IDN-vignette.jpg\",\"width\":100,\"height\":142},{\"@type\":\"BreadcrumbList\",\"@id\":\"https:\/\/www.fore.fr\/idn\/titre-professionnel-assistante-de-direction\/#breadcrumb\",\"itemListElement\":[{\"@type\":\"ListItem\",\"position\":1,\"name\":\"Accueil\",\"item\":\"https:\/\/www.fore.fr\/idn\/\"},{\"@type\":\"ListItem\",\"position\":2,\"name\":\"TITRE PROFESSIONNEL ASSISTANT(E) DE DIRECTION\"}]},{\"@type\":\"WebSite\",\"@id\":\"https:\/\/www.fore.fr\/idn\/#website\",\"url\":\"https:\/\/www.fore.fr\/idn\/\",\"name\":\"Formations Fore Iles du Nord\",\"description\":\"D\u00c9COUVREZ NOTRE OFFRE DE FORMATION COMPL\u00c8TE A SAINT-MARTIN !\",\"publisher\":{\"@id\":\"https:\/\/www.fore.fr\/idn\/#organization\"},\"potentialAction\":[{\"@type\":\"SearchAction\",\"target\":{\"@type\":\"EntryPoint\",\"urlTemplate\":\"https:\/\/www.fore.fr\/idn\/?s={search_term_string}\"},\"query-input\":{\"@type\":\"PropertyValueSpecification\",\"valueRequired\":true,\"valueName\":\"search_term_string\"}}],\"inLanguage\":\"fr-FR\"},{\"@type\":\"Organization\",\"@id\":\"https:\/\/www.fore.fr\/idn\/#organization\",\"name\":\"Fore\",\"url\":\"https:\/\/www.fore.fr\/idn\/\",\"logo\":{\"@type\":\"ImageObject\",\"inLanguage\":\"fr-FR\",\"@id\":\"https:\/\/www.fore.fr\/idn\/#\/schema\/logo\/image\/\",\"url\":\"\",\"contentUrl\":\"\",\"caption\":\"Fore\"},\"image\":{\"@id\":\"https:\/\/www.fore.fr\/idn\/#\/schema\/logo\/image\/\"},\"sameAs\":[\"https:\/\/www.facebook.com\/Fore97\",\"https:\/\/www.instagram.com\/fore.formation\"]},{\"@type\":\"Person\",\"@id\":\"https:\/\/www.fore.fr\/idn\/#\/schema\/person\/286716c0539a760b99bba6401070c999\",\"name\":\"fore971\",\"image\":{\"@type\":\"ImageObject\",\"inLanguage\":\"fr-FR\",\"@id\":\"https:\/\/www.fore.fr\/idn\/#\/schema\/person\/image\/\",\"url\":\"https:\/\/secure.gravatar.com\/avatar\/e79e0dc4447cace26f00e3b41dc0f450?s=96&d=mm&r=g\",\"contentUrl\":\"https:\/\/secure.gravatar.com\/avatar\/e79e0dc4447cace26f00e3b41dc0f450?s=96&d=mm&r=g\",\"caption\":\"fore971\"},\"sameAs\":[\"https:\/\/migration.fore.fr\/idn\"],\"url\":\"https:\/\/www.fore.fr\/idn\/author\/fore971\/\"}]}<\/script>\n<!-- \/ Yoast SEO plugin. -->","yoast_head_json":{"title":"Titre professionnel Assistant(e) de direction \u2013 FORE Iles du Nord","description":"Devenez Assistant(e) de direction avec la formation certifiante de FORE Iles du Nord. \u00c9ligible CPF \u2013 ma\u00eetrisez l\u2019organisation administrative, la gestion d\u2019information et l\u2019appui \u00e0 la prise de d\u00e9cision en entreprise.","robots":{"index":"index","follow":"follow","max-snippet":"max-snippet:-1","max-image-preview":"max-image-preview:large","max-video-preview":"max-video-preview:-1"},"canonical":"https:\/\/www.fore.fr\/idn\/titre-professionnel-assistante-de-direction\/","og_locale":"fr_FR","og_type":"article","og_title":"Titre professionnel Assistant(e) de direction \u2013 FORE Iles du Nord","og_description":"Devenez Assistant(e) de direction avec la formation certifiante de FORE Iles du Nord. \u00c9ligible CPF \u2013 ma\u00eetrisez l\u2019organisation administrative, la gestion d\u2019information et l\u2019appui \u00e0 la prise de d\u00e9cision en entreprise.","og_url":"https:\/\/www.fore.fr\/idn\/titre-professionnel-assistante-de-direction\/","og_site_name":"Formations Fore Iles du Nord","article_publisher":"https:\/\/www.facebook.com\/Fore97","article_published_time":"2024-07-02T14:09:04+00:00","article_modified_time":"2026-01-13T18:43:07+00:00","og_image":[{"width":100,"height":142,"url":"https:\/\/www.fore.fr\/idn\/wp-content\/uploads\/2024\/07\/A4-TP-ASSISTANTE-DIRECTION-FICHE-IDN-vignette.jpg","type":"image\/jpeg"}],"author":"fore971","twitter_card":"summary_large_image","twitter_misc":{"\u00c9crit par":"fore971","Dur\u00e9e de lecture estim\u00e9e":"3 minutes"},"schema":{"@context":"https:\/\/schema.org","@graph":[{"@type":"Article","@id":"https:\/\/www.fore.fr\/idn\/titre-professionnel-assistante-de-direction\/#article","isPartOf":{"@id":"https:\/\/www.fore.fr\/idn\/titre-professionnel-assistante-de-direction\/"},"author":{"name":"fore971","@id":"https:\/\/www.fore.fr\/idn\/#\/schema\/person\/286716c0539a760b99bba6401070c999"},"headline":"TITRE PROFESSIONNEL ASSISTANT(E) DE DIRECTION","datePublished":"2024-07-02T14:09:04+00:00","dateModified":"2026-01-13T18:43:07+00:00","mainEntityOfPage":{"@id":"https:\/\/www.fore.fr\/idn\/titre-professionnel-assistante-de-direction\/"},"wordCount":345,"commentCount":0,"publisher":{"@id":"https:\/\/www.fore.fr\/idn\/#organization"},"image":{"@id":"https:\/\/www.fore.fr\/idn\/titre-professionnel-assistante-de-direction\/#primaryimage"},"thumbnailUrl":"https:\/\/www.fore.fr\/idn\/wp-content\/uploads\/2024\/07\/A4-TP-ASSISTANTE-DIRECTION-FICHE-IDN-vignette.jpg","articleSection":["Apprentissage"],"inLanguage":"fr-FR","potentialAction":[{"@type":"CommentAction","name":"Comment","target":["https:\/\/www.fore.fr\/idn\/titre-professionnel-assistante-de-direction\/#respond"]}]},{"@type":"WebPage","@id":"https:\/\/www.fore.fr\/idn\/titre-professionnel-assistante-de-direction\/","url":"https:\/\/www.fore.fr\/idn\/titre-professionnel-assistante-de-direction\/","name":"Titre professionnel Assistant(e) de direction \u2013 FORE Iles du Nord","isPartOf":{"@id":"https:\/\/www.fore.fr\/idn\/#website"},"primaryImageOfPage":{"@id":"https:\/\/www.fore.fr\/idn\/titre-professionnel-assistante-de-direction\/#primaryimage"},"image":{"@id":"https:\/\/www.fore.fr\/idn\/titre-professionnel-assistante-de-direction\/#primaryimage"},"thumbnailUrl":"https:\/\/www.fore.fr\/idn\/wp-content\/uploads\/2024\/07\/A4-TP-ASSISTANTE-DIRECTION-FICHE-IDN-vignette.jpg","datePublished":"2024-07-02T14:09:04+00:00","dateModified":"2026-01-13T18:43:07+00:00","description":"Devenez Assistant(e) de direction avec la formation certifiante de FORE Iles du Nord. \u00c9ligible CPF \u2013 ma\u00eetrisez l\u2019organisation administrative, la gestion d\u2019information et l\u2019appui \u00e0 la prise de d\u00e9cision en entreprise.","breadcrumb":{"@id":"https:\/\/www.fore.fr\/idn\/titre-professionnel-assistante-de-direction\/#breadcrumb"},"inLanguage":"fr-FR","potentialAction":[{"@type":"ReadAction","target":["https:\/\/www.fore.fr\/idn\/titre-professionnel-assistante-de-direction\/"]}]},{"@type":"ImageObject","inLanguage":"fr-FR","@id":"https:\/\/www.fore.fr\/idn\/titre-professionnel-assistante-de-direction\/#primaryimage","url":"https:\/\/www.fore.fr\/idn\/wp-content\/uploads\/2024\/07\/A4-TP-ASSISTANTE-DIRECTION-FICHE-IDN-vignette.jpg","contentUrl":"https:\/\/www.fore.fr\/idn\/wp-content\/uploads\/2024\/07\/A4-TP-ASSISTANTE-DIRECTION-FICHE-IDN-vignette.jpg","width":100,"height":142},{"@type":"BreadcrumbList","@id":"https:\/\/www.fore.fr\/idn\/titre-professionnel-assistante-de-direction\/#breadcrumb","itemListElement":[{"@type":"ListItem","position":1,"name":"Accueil","item":"https:\/\/www.fore.fr\/idn\/"},{"@type":"ListItem","position":2,"name":"TITRE PROFESSIONNEL ASSISTANT(E) DE DIRECTION"}]},{"@type":"WebSite","@id":"https:\/\/www.fore.fr\/idn\/#website","url":"https:\/\/www.fore.fr\/idn\/","name":"Formations Fore Iles du Nord","description":"D\u00c9COUVREZ NOTRE OFFRE DE FORMATION COMPL\u00c8TE A SAINT-MARTIN !","publisher":{"@id":"https:\/\/www.fore.fr\/idn\/#organization"},"potentialAction":[{"@type":"SearchAction","target":{"@type":"EntryPoint","urlTemplate":"https:\/\/www.fore.fr\/idn\/?s={search_term_string}"},"query-input":{"@type":"PropertyValueSpecification","valueRequired":true,"valueName":"search_term_string"}}],"inLanguage":"fr-FR"},{"@type":"Organization","@id":"https:\/\/www.fore.fr\/idn\/#organization","name":"Fore","url":"https:\/\/www.fore.fr\/idn\/","logo":{"@type":"ImageObject","inLanguage":"fr-FR","@id":"https:\/\/www.fore.fr\/idn\/#\/schema\/logo\/image\/","url":"","contentUrl":"","caption":"Fore"},"image":{"@id":"https:\/\/www.fore.fr\/idn\/#\/schema\/logo\/image\/"},"sameAs":["https:\/\/www.facebook.com\/Fore97","https:\/\/www.instagram.com\/fore.formation"]},{"@type":"Person","@id":"https:\/\/www.fore.fr\/idn\/#\/schema\/person\/286716c0539a760b99bba6401070c999","name":"fore971","image":{"@type":"ImageObject","inLanguage":"fr-FR","@id":"https:\/\/www.fore.fr\/idn\/#\/schema\/person\/image\/","url":"https:\/\/secure.gravatar.com\/avatar\/e79e0dc4447cace26f00e3b41dc0f450?s=96&d=mm&r=g","contentUrl":"https:\/\/secure.gravatar.com\/avatar\/e79e0dc4447cace26f00e3b41dc0f450?s=96&d=mm&r=g","caption":"fore971"},"sameAs":["https:\/\/migration.fore.fr\/idn"],"url":"https:\/\/www.fore.fr\/idn\/author\/fore971\/"}]}},"_links":{"self":[{"href":"https:\/\/www.fore.fr\/idn\/wp-json\/wp\/v2\/posts\/2969"}],"collection":[{"href":"https:\/\/www.fore.fr\/idn\/wp-json\/wp\/v2\/posts"}],"about":[{"href":"https:\/\/www.fore.fr\/idn\/wp-json\/wp\/v2\/types\/post"}],"author":[{"embeddable":true,"href":"https:\/\/www.fore.fr\/idn\/wp-json\/wp\/v2\/users\/1"}],"replies":[{"embeddable":true,"href":"https:\/\/www.fore.fr\/idn\/wp-json\/wp\/v2\/comments?post=2969"}],"version-history":[{"count":2,"href":"https:\/\/www.fore.fr\/idn\/wp-json\/wp\/v2\/posts\/2969\/revisions"}],"predecessor-version":[{"id":3553,"href":"https:\/\/www.fore.fr\/idn\/wp-json\/wp\/v2\/posts\/2969\/revisions\/3553"}],"wp:featuredmedia":[{"embeddable":true,"href":"https:\/\/www.fore.fr\/idn\/wp-json\/wp\/v2\/media\/2972"}],"wp:attachment":[{"href":"https:\/\/www.fore.fr\/idn\/wp-json\/wp\/v2\/media?parent=2969"}],"wp:term":[{"taxonomy":"category","embeddable":true,"href":"https:\/\/www.fore.fr\/idn\/wp-json\/wp\/v2\/categories?post=2969"},{"taxonomy":"post_tag","embeddable":true,"href":"https:\/\/www.fore.fr\/idn\/wp-json\/wp\/v2\/tags?post=2969"}],"curies":[{"name":"wp","href":"https:\/\/api.w.org\/{rel}","templated":true}]}}